{"id":575889,"date":"2025-02-13T09:00:15","date_gmt":"2025-02-13T14:00:15","guid":{"rendered":"https:\/\/fuzehr.com\/?p=575889"},"modified":"2025-02-13T10:34:29","modified_gmt":"2025-02-13T15:34:29","slug":"rapport-sur-lavenir-de-lemploi-en-2025-perspectives-du-marche-mondial-de-lemploi-dici-a-2030","status":"publish","type":"post","link":"https:\/\/fuzehr.com\/fr\/candidates\/rapport-sur-lavenir-de-lemploi-en-2025-perspectives-du-marche-mondial-de-lemploi-dici-a-2030\/","title":{"rendered":"Rapport sur l&rsquo;avenir de l&#8217;emploi en 2025 : Perspectives du march\u00e9 mondial de l&#8217;emploi d&rsquo;ici \u00e0 2030"},"content":{"rendered":"\t\t<div data-elementor-type=\"wp-post\" data-elementor-id=\"575889\" class=\"elementor elementor-575889 elementor-575834\">\n\t\t\t\t\t\t<div class=\"elementor-inner\">\n\t\t\t\t<div class=\"elementor-section-wrap\">\n\t\t\t\t\t\t\t\t\t<section class=\"elementor-section elementor-top-section elementor-element elementor-element-0013c8b elementor-section-boxed elementor-section-height-default elementor-section-height-default\" data-id=\"0013c8b\" data-element_type=\"section\">\n\t\t\t\t\t\t<div class=\"elementor-container elementor-column-gap-default\">\n\t\t\t\t\t\t\t<div class=\"elementor-row\">\n\t\t\t\t\t<div class=\"elementor-column elementor-col-100 elementor-top-column elementor-element elementor-element-4100ad4\" data-id=\"4100ad4\" data-element_type=\"column\">\n\t\t\t<div class=\"elementor-column-wrap elementor-element-populated\">\n\t\t\t\t\t\t\t<div class=\"elementor-widget-wrap\">\n\t\t\t\t\t\t<div class=\"elementor-element elementor-element-fd8f73f elementor-widget elementor-widget-text-editor\" data-id=\"fd8f73f\" data-element_type=\"widget\" data-widget_type=\"text-editor.default\">\n\t\t\t\t<div class=\"elementor-widget-container\">\n\t\t\t\t\t\t\t\t<div class=\"elementor-text-editor elementor-clearfix\">\n\t\t\t\t<p>Le march\u00e9 du travail fluctue en permanence, mais le rythme des changements que nous connaissons aujourd&rsquo;hui est in\u00e9gal\u00e9. Les progr\u00e8s technologiques, l&rsquo;\u00e9volution des \u00e9conomies mondiales, les changements d\u00e9mographiques et le besoin urgent d&rsquo;une transition \u00e9cologique contribuent \u00e0 remodeler profond\u00e9ment le march\u00e9 du travail.\u00a0<a href=\"https:\/\/www.weforum.org\/publications\/the-future-of-jobs-report-2025\/digest\/\" target=\"_blank\" rel=\"noopener\">Le rapport sur l&rsquo;avenir de l&#8217;emploi en 2025 du Forum \u00e9conomique mondial<\/a>\u00a0offre une vue d&rsquo;ensemble de ces tendances, mettant en \u00e9vidence les emplois de demain et les comp\u00e9tences n\u00e9cessaires pour prosp\u00e9rer dans ce paysage en \u00e9volution. Cet article se penche sur les principales conclusions du rapport, en se concentrant sur les secteurs de croissance pr\u00e9vus et les principaux moteurs qui fa\u00e7onnent le march\u00e9 mondial du travail d&rsquo;ici \u00e0 2025.<\/p><h3><strong>Un monde en mouvement : les moteurs du changement sur le march\u00e9 du travail<\/strong><\/h3><p>Plusieurs macro-tendances convergent pour cr\u00e9er une temp\u00eate parfaite de changements sur le march\u00e9 du travail en 2025. Le rapport identifie cinq facteurs cl\u00e9s :<\/p><ul><li><strong>Le changement technologique<\/strong> : De l&rsquo;IA et de l&rsquo;automatisation aux progr\u00e8s de la robotique et du traitement de l&rsquo;information, la technologie r\u00e9volutionne les industries et red\u00e9finit les r\u00f4les professionnels. Cette num\u00e9risation rapide a un impact sur tout, de la fabrication et de la logistique au service \u00e0 la client\u00e8le et \u00e0 l&rsquo;administration.<\/li><li><strong>Fragmentation g\u00e9o\u00e9conomique<\/strong> : Les tensions g\u00e9opolitiques, les restrictions commerciales et la mont\u00e9e du protectionnisme cr\u00e9ent de l&rsquo;incertitude et remod\u00e8lent les cha\u00eenes d&rsquo;approvisionnement mondiales. Cette fragmentation oblige les entreprises \u00e0 s&rsquo;adapter et \u00e0 repenser leurs strat\u00e9gies, ce qui a un impact sur l&#8217;embauche et la planification de la main-d&rsquo;\u0153uvre.<\/li><li><strong>Incertitude \u00e9conomique<\/strong> : l&rsquo;inflation, les ralentissements \u00e9conomiques et les effets persistants de la pand\u00e9mie cr\u00e9ent un environnement \u00e9conomique instable. Les entreprises sont aux prises avec ces incertitudes, ce qui complique la planification \u00e0 long terme et influence l&rsquo;investissement dans le d\u00e9veloppement de la main-d&rsquo;\u0153uvre.<\/li><li><strong>Changements d\u00e9mographiques<\/strong> : Le vieillissement des populations, les sch\u00e9mas de migration et l&rsquo;\u00e9volution d\u00e9mographique de la main-d&rsquo;\u0153uvre cr\u00e9ent \u00e0 la fois des d\u00e9fis et des opportunit\u00e9s. Les entreprises doivent s&rsquo;adapter \u00e0 ces changements en adoptant la diversit\u00e9, en promouvant l&rsquo;inclusion et en comblant les lacunes potentielles en mati\u00e8re de comp\u00e9tences.<\/li><li><strong>La transition verte<\/strong> : La n\u00e9cessit\u00e9 urgente de lutter contre le changement climatique entra\u00eene une \u00e9volution massive vers des pratiques durables et des technologies vertes. Cette transition cr\u00e9e des industries et des r\u00f4les professionnels enti\u00e8rement nouveaux, tout en exigeant des travailleurs existants qu&rsquo;ils acqui\u00e8rent de nouvelles comp\u00e9tences.<\/li><\/ul><h3><strong>L&rsquo;\u00e9mergence de nouveaux r\u00f4les : Les secteurs de croissance de l&rsquo;avenir<\/strong><\/h3><p><img loading=\"lazy\" decoding=\"async\" class=\"alignnone wp-image-575868 size-large\" src=\"https:\/\/fuzehr.com\/wp-content\/uploads\/future-of-work-2025-2030-1024x781.webp\" alt=\"travail de future 2025\" width=\"980\" height=\"747\" srcset=\"https:\/\/fuzehr.com\/wp-content\/uploads\/future-of-work-2025-2030-1024x781.webp 1024w, https:\/\/fuzehr.com\/wp-content\/uploads\/future-of-work-2025-2030-300x229.webp 300w, https:\/\/fuzehr.com\/wp-content\/uploads\/future-of-work-2025-2030-768x586.webp 768w, https:\/\/fuzehr.com\/wp-content\/uploads\/future-of-work-2025-2030-1536x1171.webp 1536w, https:\/\/fuzehr.com\/wp-content\/uploads\/future-of-work-2025-2030.webp 2000w\" sizes=\"(max-width: 980px) 100vw, 980px\" \/><\/p><p>Gr\u00e2ce \u00e0 ces facteurs convergents, de nouveaux emplois seront cr\u00e9\u00e9s dans des secteurs en pleine croissance. Le rapport pr\u00e9voit l&rsquo;\u00e9mergence de plusieurs secteurs de croissance cl\u00e9s :<\/p><ul><li><strong>L&rsquo;\u00e9conomie verte<\/strong> : La transition vers un avenir durable alimente la demande de professionnels dans le domaine des \u00e9nergies renouvelables, de l&rsquo;ing\u00e9nierie environnementale et des domaines connexes. On peut s&rsquo;attendre \u00e0 une augmentation des postes d&rsquo;ing\u00e9nieurs en \u00e9nergies renouvelables, d&rsquo;ing\u00e9nieurs en environnement et de sp\u00e9cialistes des v\u00e9hicules \u00e9lectriques et autonomes.<\/li><li><strong>Technologie et donn\u00e9es<\/strong> : La d\u00e9pendance croissante \u00e0 l&rsquo;\u00e9gard de la technologie stimule la demande d&rsquo;experts en IA, en apprentissage automatique, en science des donn\u00e9es et en cybers\u00e9curit\u00e9. Des r\u00f4les tels que les sp\u00e9cialistes de l&rsquo;IA et de l&rsquo;apprentissage automatique, les d\u00e9veloppeurs de logiciels et d&rsquo;applications et les sp\u00e9cialistes du Big Data devraient conna\u00eetre une croissance significative.<\/li><li><strong>\u00c9conomie des soins<\/strong> : Le vieillissement des populations et l&rsquo;augmentation des besoins en mati\u00e8re de soins de sant\u00e9 stimulent la demande de professionnels de la sant\u00e9, en particulier d&rsquo;infirmi\u00e8res, de travailleurs sociaux et de conseillers. L&rsquo;\u00e9conomie des soins est pr\u00eate \u00e0 se d\u00e9velopper, cr\u00e9ant de nouvelles opportunit\u00e9s pour ceux qui poss\u00e8dent les comp\u00e9tences et la formation appropri\u00e9es.<\/li><li><strong>L&rsquo;\u00e9ducation<\/strong> : Le secteur de l&rsquo;\u00e9ducation devrait lui aussi se d\u00e9velopper \u00e0 mesure que les besoins de requalification et d&rsquo;am\u00e9lioration des comp\u00e9tences augmentent. Nous assisterons probablement \u00e0 une augmentation de la demande d&rsquo;enseignants \u00e0 tous les niveaux, en particulier ceux qui se sp\u00e9cialisent dans les domaines des STIM et les comp\u00e9tences orient\u00e9es vers l&rsquo;avenir.<\/li><li><strong>R\u00f4les de premi\u00e8re ligne<\/strong> : Alors que certains emplois sont automatis\u00e9s, les m\u00e9tiers de premi\u00e8re ligne, comme les ouvriers agricoles et les chauffeurs-livreurs, connaissent \u00e9galement une croissance, sous l&rsquo;effet de facteurs tels que l&rsquo;augmentation du commerce \u00e9lectronique et l&rsquo;\u00e9volution des modes de consommation.<\/li><\/ul><h3><strong>S&rsquo;adapter, et non la d\u00e9cadence : Les emplois en transition<\/strong><\/h3><p>Si certaines fonctions sont cr\u00e9\u00e9es pour r\u00e9pondre \u00e0 la demande de secteurs en expansion, il est important d&rsquo;\u00e9viter d&rsquo;adopter une attitude purement n\u00e9gative \u00e0 l&rsquo;\u00e9gard de ceux qui ne participent pas \u00e0 ce changement. De nombreuses fonctions ne disparaissent pas compl\u00e8tement, elles \u00e9voluent.<\/p><p>Le rapport met en \u00e9vidence plusieurs domaines dans lesquels les emplois risquent de subir des changements importants en raison de l&rsquo;automatisation et de l&rsquo;\u00e9volution de la demande, mais il propose \u00e9galement des pistes permettant aux personnes travaillant dans ces secteurs de rester pertinentes et utiles :<\/p>\t\t\t\t\t<\/div>\n\t\t\t\t\t\t<\/div>\n\t\t\t\t<\/div>\n\t\t\t\t<div class=\"elementor-element elementor-element-af25814 elementor-view-default elementor-vertical-align-top elementor-widget elementor-widget-icon-box\" data-id=\"af25814\" data-element_type=\"widget\" data-widget_type=\"icon-box.default\">\n\t\t\t\t<div class=\"elementor-widget-container\">\n\t\t\t\t\t<div class=\"elementor-icon-box-wrapper\">\n\t\t\t\t\t\t<div class=\"elementor-icon-box-content\">\n\t\t\t\t<h6 class=\"elementor-icon-box-title\">\n\t\t\t\t\t<a href=\"https:\/\/fuzehr.com\/job-seekers\/resume-trends-in-2025-for-a-tech-driven-job-market\/\" >\n\t\t\t\t\t\tArticle relatif \u00e0 ce sujet : Comment adapter son CV au nouveau march\u00e9 de l'emploi teck pilot\u00e9 par l'IA.\t\t\t\t\t<\/a>\n\t\t\t\t<\/h6>\n\t\t\t\t\t\t\t<\/div>\n\t\t<\/div>\n\t\t\t\t<\/div>\n\t\t\t\t<\/div>\n\t\t\t\t<div class=\"elementor-element elementor-element-cc0d0bf elementor-widget elementor-widget-text-editor\" data-id=\"cc0d0bf\" data-element_type=\"widget\" data-widget_type=\"text-editor.default\">\n\t\t\t\t<div class=\"elementor-widget-container\">\n\t\t\t\t\t\t\t\t<div class=\"elementor-text-editor elementor-clearfix\">\n\t\t\t\t<ul><li><strong>R\u00f4les administratifs et de bureau<\/strong> : L&rsquo;automatisation et la num\u00e9risation rationalisent de nombreuses t\u00e2ches administratives traditionnelles. Toutefois, le besoin d&rsquo;interaction humaine, de r\u00e9solution de probl\u00e8mes complexes et de soutien personnalis\u00e9 demeure. Les personnes qui occupent ces fonctions peuvent pr\u00e9parer l&rsquo;avenir de leur carri\u00e8re en se concentrant sur le d\u00e9veloppement de comp\u00e9tences dans des domaines tels que la gestion de projet, la communication num\u00e9rique, l&rsquo;analyse de donn\u00e9es et la gestion des relations avec les clients. L&rsquo;adoption de la technologie et la ma\u00eetrise des logiciels appropri\u00e9s peuvent \u00e9galement accro\u00eetre leur valeur.<\/li><li><strong>Saisie et traitement des donn\u00e9es<\/strong> : Alors que la saisie des donn\u00e9es de base est de plus en plus automatis\u00e9e, le besoin d&rsquo;analyse et d&rsquo;interpr\u00e9tation des donn\u00e9es augmente. Les personnes peuvent faire la transition en acqu\u00e9rant des comp\u00e9tences en mati\u00e8re d&rsquo;analyse de donn\u00e9es, de visualisation et de gestion de bases de donn\u00e9es. Il sera \u00e9galement essentiel de se concentrer sur le contr\u00f4le de la qualit\u00e9, l&rsquo;int\u00e9grit\u00e9 des donn\u00e9es et la compr\u00e9hension du contexte des donn\u00e9es.<\/li><li><strong>R\u00f4les de fabrication traditionnels<\/strong> : L&rsquo;automatisation et la robotique modifient le paysage de la fabrication. Toutefois, les techniciens qualifi\u00e9s, les professionnels de la maintenance et ceux qui poss\u00e8dent une expertise dans l&rsquo;exploitation et la gestion des syst\u00e8mes automatis\u00e9s seront tr\u00e8s demand\u00e9s. La mise \u00e0 jour des connaissances en mati\u00e8re de robotique, d&rsquo;automatisation et de technologies de fabrication avanc\u00e9es est essentielle pour ceux qui souhaitent rester dans ce secteur. La r\u00e9solution de probl\u00e8mes, l&rsquo;adaptabilit\u00e9 et la capacit\u00e9 \u00e0 travailler avec des syst\u00e8mes automatis\u00e9s seront essentielles.<\/li><\/ul><p>Il en ressort que l&rsquo;apprentissage et l&rsquo;adaptation continus sont essentiels. Les personnes travaillant dans ces secteurs en transition doivent identifier de mani\u00e8re proactive les comp\u00e9tences qui perdent de leur pertinence et se concentrer sur le d\u00e9veloppement de celles qui sont demand\u00e9es. Cela peut impliquer de suivre des cours en ligne, d&rsquo;assister \u00e0 des ateliers, voire de poursuivre des \u00e9tudes.<\/p><h3>Des comp\u00e9tences pour l&rsquo;avenir : S&rsquo;adapter \u00e0 l&rsquo;\u00e9volution du march\u00e9 du travail<\/h3><p>Pour prosp\u00e9rer sur ce march\u00e9 du travail en pleine \u00e9volution, les individus doivent acqu\u00e9rir un nouvel ensemble de comp\u00e9tences. Le rapport souligne l&rsquo;importance des comp\u00e9tences suivantes:<\/p><ul><li><strong>Pens\u00e9e analytique et critique<\/strong> : La capacit\u00e9 \u00e0 analyser des informations complexes, \u00e0 r\u00e9soudre des probl\u00e8mes et \u00e0 prendre des d\u00e9cisions \u00e9clair\u00e9es est cruciale dans un monde qui \u00e9volue rapidement.<\/li><li><strong>La r\u00e9silience, la flexibilit\u00e9 et l&rsquo;agilit\u00e9<\/strong> : La capacit\u00e9 \u00e0 s&rsquo;adapter au changement, \u00e0 acqu\u00e9rir de nouvelles comp\u00e9tences et \u00e0 faire face \u00e0 l&rsquo;incertitude est essentielle dans l&rsquo;environnement dynamique d&rsquo;aujourd&rsquo;hui.<\/li><li><strong>Leadership et influence sociale<\/strong> : La capacit\u00e9 \u00e0 communiquer efficacement, \u00e0 collaborer avec les autres et \u00e0 \u00e9tablir des relations solides est de plus en plus importante dans un environnement de travail collaboratif.<\/li><li><strong>Culture technologique<\/strong> : Une compr\u00e9hension de base de la technologie et des outils num\u00e9riques est essentielle pour presque tous les emplois \u00e0 l&rsquo;avenir.<\/li><li><strong>Comp\u00e9tences sp\u00e9cialis\u00e9es<\/strong> : En plus de ces comp\u00e9tences de base, les individus devront \u00e9galement d\u00e9velopper des comp\u00e9tences sp\u00e9cialis\u00e9es dans des domaines tels que l&rsquo;IA, la science des donn\u00e9es, la cybers\u00e9curit\u00e9 et les technologies vertes pour tirer parti des opportunit\u00e9s \u00e9mergentes.<\/li><\/ul><h3><strong>Naviguer dans la transformation : Strat\u00e9gies pour les individus et les entreprises<\/strong><\/h3><p>L&rsquo;avenir du travail exige une approche proactive de la part des individus et des entreprises. Les individus doivent investir dans le d\u00e9veloppement de leurs comp\u00e9tences, adopter l&rsquo;apprentissage tout au long de la vie et \u00eatre pr\u00eats \u00e0 s&rsquo;adapter au changement. Les entreprises, quant \u00e0 elles, <a href=\"https:\/\/fuzehr.com\/fr\/employeurs\/la-planification-de-la-releve-et-la-continuite-des-affaires\/\">doivent investir dans l&rsquo;am\u00e9lioration et le renouvellement<\/a> des comp\u00e9tences de leur main-d&rsquo;\u0153uvre, cr\u00e9er une culture de l&rsquo;apprentissage et favoriser la diversit\u00e9 et l&rsquo;inclusion. En relevant ces d\u00e9fis de mani\u00e8re proactive, nous pouvons garantir un avenir professionnel \u00e0 la fois prosp\u00e8re et inclusif.<\/p><p>La transformation du march\u00e9 du travail n&rsquo;est pas seulement un d\u00e9fi, c&rsquo;est aussi une opportunit\u00e9. En acceptant le changement, en investissant dans les comp\u00e9tences et en encourageant l&rsquo;innovation, nous pouvons cr\u00e9er un avenir professionnel qui profitera \u00e0 tous. Le rapport du Forum \u00e9conomique mondial fournit une feuille de route pr\u00e9cieuse pour naviguer dans cette transformation, en soulignant les tendances cl\u00e9s, les secteurs de croissance et les comp\u00e9tences n\u00e9cessaires pour prosp\u00e9rer dans les ann\u00e9es \u00e0 venir. Il ne tient qu&rsquo;\u00e0 nous de saisir cette opportunit\u00e9 et de construire un avenir professionnel \u00e0 la fois dynamique et \u00e9panouissant.<\/p>\t\t\t\t\t<\/div>\n\t\t\t\t\t\t<\/div>\n\t\t\t\t<\/div>\n\t\t\t\t\t\t<\/div>\n\t\t\t\t\t<\/div>\n\t\t<\/div>\n\t\t\t\t\t\t\t\t<\/div>\n\t\t\t\t\t<\/div>\n\t\t<\/section>\n\t\t\t\t\t\t\t\t\t<\/div>\n\t\t\t<\/div>\n\t\t\t\t\t<\/div>\n\t\t","protected":false},"excerpt":{"rendered":"<p>\u00c0 quoi ressemblera le monde du travail en 2025 et au-del\u00e0 ? \u00cates-vous pr\u00eat pour les emplois de demain ?  Cet article explore les principales tendances qui fa\u00e7onnent l&rsquo;avenir de l&#8217;emploi, de l&rsquo;essor des emplois verts et des fonctions technologiques \u00e0 l&rsquo;impact de l&rsquo;IA et de l&rsquo;automatisation. D\u00e9couvrez quelles comp\u00e9tences seront tr\u00e8s demand\u00e9es, quels emplois sont menac\u00e9s et comment vous pouvez pr\u00e9parer votre carri\u00e8re \u00e0 l&rsquo;avenir. <\/p>\n","protected":false},"author":3,"featured_media":575866,"comment_status":"closed","ping_status":"closed","sticky":false,"template":"","format":"standard","meta":{"footnotes":""},"categories":[385,333],"tags":[858,794],"yoast_head":"<!-- This site is optimized with the Yoast SEO plugin v23.5 - https:\/\/yoast.com\/wordpress\/plugins\/seo\/ -->\n<title>L&#039;avenir de l&#039;emploi en 2025 : Perspectives du march\u00e9 de l&#039;emploi d&#039;ici \u00e0 2030<\/title>\n<meta name=\"description\" content=\"D\u00e9couvrir les tendances cl\u00e9s, emplois \u00e9mergents, secteurs en d\u00e9clin et les comp\u00e9tences essentielles qui modifient l&#039;avenir du travail d&#039;ici \u00e0 2030\" \/>\n<meta name=\"robots\" content=\"index, follow, max-snippet:-1, max-image-preview:large, max-video-preview:-1\" \/>\n<link rel=\"canonical\" href=\"https:\/\/fuzehr.com\/job-seekers\/the-future-of-work-2025-outlook-on-the-global-job-market-from-now-to-2030\/\" \/>\n<meta property=\"og:locale\" content=\"fr_FR\" \/>\n<meta property=\"og:type\" content=\"article\" \/>\n<meta property=\"og:title\" content=\"L&#039;avenir de l&#039;emploi en 2025 : Perspectives du march\u00e9 de l&#039;emploi d&#039;ici \u00e0 2030\" \/>\n<meta property=\"og:description\" content=\"D\u00e9couvrir les tendances cl\u00e9s, emplois \u00e9mergents, secteurs en d\u00e9clin et les comp\u00e9tences essentielles qui modifient l&#039;avenir du travail d&#039;ici \u00e0 2030\" \/>\n<meta property=\"og:url\" content=\"https:\/\/fuzehr.com\/job-seekers\/the-future-of-work-2025-outlook-on-the-global-job-market-from-now-to-2030\/\" \/>\n<meta property=\"og:site_name\" content=\"Fuze HR Solutions\" \/>\n<meta property=\"article:published_time\" content=\"2025-02-13T14:00:15+00:00\" \/>\n<meta property=\"article:modified_time\" content=\"2025-02-13T15:34:29+00:00\" \/>\n<meta property=\"og:image\" content=\"https:\/\/fuzehr.com\/wp-content\/uploads\/future-of-labour-market-2025-report-1.webp\" \/>\n\t<meta property=\"og:image:width\" content=\"2370\" \/>\n\t<meta property=\"og:image:height\" content=\"1391\" \/>\n\t<meta property=\"og:image:type\" content=\"image\/webp\" \/>\n<meta name=\"author\" content=\"Melissa\" \/>\n<meta name=\"twitter:card\" content=\"summary_large_image\" \/>\n<meta name=\"twitter:creator\" content=\"@fuzehr\" \/>\n<meta name=\"twitter:site\" content=\"@fuzehr\" \/>\n<meta name=\"twitter:label1\" content=\"\u00c9crit par\" \/>\n\t<meta name=\"twitter:data1\" content=\"Melissa\" \/>\n\t<meta name=\"twitter:label2\" content=\"Dur\u00e9e de lecture estim\u00e9e\" \/>\n\t<meta name=\"twitter:data2\" content=\"8 minutes\" \/>\n<script type=\"application\/ld+json\" class=\"yoast-schema-graph\">{\"@context\":\"https:\/\/schema.org\",\"@graph\":[{\"@type\":[\"Article\",\"BlogPosting\"],\"@id\":\"https:\/\/fuzehr.com\/job-seekers\/the-future-of-work-2025-outlook-on-the-global-job-market-from-now-to-2030\/#article\",\"isPartOf\":{\"@id\":\"https:\/\/fuzehr.com\/job-seekers\/the-future-of-work-2025-outlook-on-the-global-job-market-from-now-to-2030\/\"},\"author\":{\"name\":\"Melissa\",\"@id\":\"https:\/\/fuzehr.com\/fr\/#\/schema\/person\/a6964a8889f0626bd87cae7134ff198c\"},\"headline\":\"Rapport sur l&rsquo;avenir de l&#8217;emploi en 2025 : Perspectives du march\u00e9 mondial de l&#8217;emploi d&rsquo;ici \u00e0 2030\",\"datePublished\":\"2025-02-13T14:00:15+00:00\",\"dateModified\":\"2025-02-13T15:34:29+00:00\",\"mainEntityOfPage\":{\"@id\":\"https:\/\/fuzehr.com\/job-seekers\/the-future-of-work-2025-outlook-on-the-global-job-market-from-now-to-2030\/\"},\"wordCount\":1644,\"publisher\":{\"@id\":\"https:\/\/fuzehr.com\/fr\/#organization\"},\"image\":{\"@id\":\"https:\/\/fuzehr.com\/job-seekers\/the-future-of-work-2025-outlook-on-the-global-job-market-from-now-to-2030\/#primaryimage\"},\"thumbnailUrl\":\"https:\/\/fuzehr.com\/wp-content\/uploads\/future-of-labour-market-2025-report-1.webp\",\"keywords\":[\"employers\",\"employment\"],\"articleSection\":[\"Candidates\",\"Job seekers\"],\"inLanguage\":\"fr-FR\"},{\"@type\":\"WebPage\",\"@id\":\"https:\/\/fuzehr.com\/job-seekers\/the-future-of-work-2025-outlook-on-the-global-job-market-from-now-to-2030\/\",\"url\":\"https:\/\/fuzehr.com\/job-seekers\/the-future-of-work-2025-outlook-on-the-global-job-market-from-now-to-2030\/\",\"name\":\"L'avenir de l'emploi en 2025 : Perspectives du march\u00e9 de l'emploi d'ici \u00e0 2030\",\"isPartOf\":{\"@id\":\"https:\/\/fuzehr.com\/fr\/#website\"},\"primaryImageOfPage\":{\"@id\":\"https:\/\/fuzehr.com\/job-seekers\/the-future-of-work-2025-outlook-on-the-global-job-market-from-now-to-2030\/#primaryimage\"},\"image\":{\"@id\":\"https:\/\/fuzehr.com\/job-seekers\/the-future-of-work-2025-outlook-on-the-global-job-market-from-now-to-2030\/#primaryimage\"},\"thumbnailUrl\":\"https:\/\/fuzehr.com\/wp-content\/uploads\/future-of-labour-market-2025-report-1.webp\",\"datePublished\":\"2025-02-13T14:00:15+00:00\",\"dateModified\":\"2025-02-13T15:34:29+00:00\",\"description\":\"D\u00e9couvrir les tendances cl\u00e9s, emplois \u00e9mergents, secteurs en d\u00e9clin et les comp\u00e9tences essentielles qui modifient l'avenir du travail d'ici \u00e0 2030\",\"breadcrumb\":{\"@id\":\"https:\/\/fuzehr.com\/job-seekers\/the-future-of-work-2025-outlook-on-the-global-job-market-from-now-to-2030\/#breadcrumb\"},\"inLanguage\":\"fr-FR\",\"potentialAction\":[{\"@type\":\"ReadAction\",\"target\":[\"https:\/\/fuzehr.com\/job-seekers\/the-future-of-work-2025-outlook-on-the-global-job-market-from-now-to-2030\/\"]}]},{\"@type\":\"ImageObject\",\"inLanguage\":\"fr-FR\",\"@id\":\"https:\/\/fuzehr.com\/job-seekers\/the-future-of-work-2025-outlook-on-the-global-job-market-from-now-to-2030\/#primaryimage\",\"url\":\"https:\/\/fuzehr.com\/wp-content\/uploads\/future-of-labour-market-2025-report-1.webp\",\"contentUrl\":\"https:\/\/fuzehr.com\/wp-content\/uploads\/future-of-labour-market-2025-report-1.webp\",\"width\":2370,\"height\":1391,\"caption\":\"the future of work in 2025 to 2023\"},{\"@type\":\"BreadcrumbList\",\"@id\":\"https:\/\/fuzehr.com\/job-seekers\/the-future-of-work-2025-outlook-on-the-global-job-market-from-now-to-2030\/#breadcrumb\",\"itemListElement\":[{\"@type\":\"ListItem\",\"position\":1,\"name\":\"Home\",\"item\":\"https:\/\/fuzehr.com\/fr\/\"},{\"@type\":\"ListItem\",\"position\":2,\"name\":\"Rapport sur l&#8217;avenir de l&#8217;emploi en 2025 : Perspectives du march\u00e9 mondial de l&#8217;emploi d&#8217;ici \u00e0 2030\"}]},{\"@type\":\"WebSite\",\"@id\":\"https:\/\/fuzehr.com\/fr\/#website\",\"url\":\"https:\/\/fuzehr.com\/fr\/\",\"name\":\"Fuze HR Solutions\",\"description\":\"Staffing &amp; Recruitment Agency | Temporary &amp; Permanent Jobs\",\"publisher\":{\"@id\":\"https:\/\/fuzehr.com\/fr\/#organization\"},\"potentialAction\":[{\"@type\":\"SearchAction\",\"target\":{\"@type\":\"EntryPoint\",\"urlTemplate\":\"https:\/\/fuzehr.com\/fr\/?s={search_term_string}\"},\"query-input\":{\"@type\":\"PropertyValueSpecification\",\"valueRequired\":true,\"valueName\":\"search_term_string\"}}],\"inLanguage\":\"fr-FR\"},{\"@type\":\"Organization\",\"@id\":\"https:\/\/fuzehr.com\/fr\/#organization\",\"name\":\"Fuze HR Solutions Inc.\",\"url\":\"https:\/\/fuzehr.com\/fr\/\",\"logo\":{\"@type\":\"ImageObject\",\"inLanguage\":\"fr-FR\",\"@id\":\"https:\/\/fuzehr.com\/fr\/#\/schema\/logo\/image\/\",\"url\":\"https:\/\/fuzehr.com\/wp-content\/uploads\/logo.png\",\"contentUrl\":\"https:\/\/fuzehr.com\/wp-content\/uploads\/logo.png\",\"width\":512,\"height\":512,\"caption\":\"Fuze HR Solutions Inc.\"},\"image\":{\"@id\":\"https:\/\/fuzehr.com\/fr\/#\/schema\/logo\/image\/\"},\"sameAs\":[\"https:\/\/x.com\/fuzehr\",\"https:\/\/www.linkedin.com\/company\/fuzehrsolutions\"]},{\"@type\":\"Person\",\"@id\":\"https:\/\/fuzehr.com\/fr\/#\/schema\/person\/a6964a8889f0626bd87cae7134ff198c\",\"name\":\"Melissa\",\"sameAs\":[\"https:\/\/fuzehr.com\"],\"url\":\"https:\/\/fuzehr.com\/fr\/author\/melissa-chu\/\"}]}<\/script>\n<!-- \/ Yoast SEO plugin. -->","yoast_head_json":{"title":"L'avenir de l'emploi en 2025 : Perspectives du march\u00e9 de l'emploi d'ici \u00e0 2030","description":"D\u00e9couvrir les tendances cl\u00e9s, emplois \u00e9mergents, secteurs en d\u00e9clin et les comp\u00e9tences essentielles qui modifient l'avenir du travail d'ici \u00e0 2030","robots":{"index":"index","follow":"follow","max-snippet":"max-snippet:-1","max-image-preview":"max-image-preview:large","max-video-preview":"max-video-preview:-1"},"canonical":"https:\/\/fuzehr.com\/job-seekers\/the-future-of-work-2025-outlook-on-the-global-job-market-from-now-to-2030\/","og_locale":"fr_FR","og_type":"article","og_title":"L'avenir de l'emploi en 2025 : Perspectives du march\u00e9 de l'emploi d'ici \u00e0 2030","og_description":"D\u00e9couvrir les tendances cl\u00e9s, emplois \u00e9mergents, secteurs en d\u00e9clin et les comp\u00e9tences essentielles qui modifient l'avenir du travail d'ici \u00e0 2030","og_url":"https:\/\/fuzehr.com\/job-seekers\/the-future-of-work-2025-outlook-on-the-global-job-market-from-now-to-2030\/","og_site_name":"Fuze HR Solutions","article_published_time":"2025-02-13T14:00:15+00:00","article_modified_time":"2025-02-13T15:34:29+00:00","og_image":[{"width":2370,"height":1391,"url":"https:\/\/fuzehr.com\/wp-content\/uploads\/future-of-labour-market-2025-report-1.webp","type":"image\/webp"}],"author":"Melissa","twitter_card":"summary_large_image","twitter_creator":"@fuzehr","twitter_site":"@fuzehr","twitter_misc":{"\u00c9crit par":"Melissa","Dur\u00e9e de lecture estim\u00e9e":"8 minutes"},"schema":{"@context":"https:\/\/schema.org","@graph":[{"@type":["Article","BlogPosting"],"@id":"https:\/\/fuzehr.com\/job-seekers\/the-future-of-work-2025-outlook-on-the-global-job-market-from-now-to-2030\/#article","isPartOf":{"@id":"https:\/\/fuzehr.com\/job-seekers\/the-future-of-work-2025-outlook-on-the-global-job-market-from-now-to-2030\/"},"author":{"name":"Melissa","@id":"https:\/\/fuzehr.com\/fr\/#\/schema\/person\/a6964a8889f0626bd87cae7134ff198c"},"headline":"Rapport sur l&rsquo;avenir de l&#8217;emploi en 2025 : Perspectives du march\u00e9 mondial de l&#8217;emploi d&rsquo;ici \u00e0 2030","datePublished":"2025-02-13T14:00:15+00:00","dateModified":"2025-02-13T15:34:29+00:00","mainEntityOfPage":{"@id":"https:\/\/fuzehr.com\/job-seekers\/the-future-of-work-2025-outlook-on-the-global-job-market-from-now-to-2030\/"},"wordCount":1644,"publisher":{"@id":"https:\/\/fuzehr.com\/fr\/#organization"},"image":{"@id":"https:\/\/fuzehr.com\/job-seekers\/the-future-of-work-2025-outlook-on-the-global-job-market-from-now-to-2030\/#primaryimage"},"thumbnailUrl":"https:\/\/fuzehr.com\/wp-content\/uploads\/future-of-labour-market-2025-report-1.webp","keywords":["employers","employment"],"articleSection":["Candidates","Job seekers"],"inLanguage":"fr-FR"},{"@type":"WebPage","@id":"https:\/\/fuzehr.com\/job-seekers\/the-future-of-work-2025-outlook-on-the-global-job-market-from-now-to-2030\/","url":"https:\/\/fuzehr.com\/job-seekers\/the-future-of-work-2025-outlook-on-the-global-job-market-from-now-to-2030\/","name":"L'avenir de l'emploi en 2025 : Perspectives du march\u00e9 de l'emploi d'ici \u00e0 2030","isPartOf":{"@id":"https:\/\/fuzehr.com\/fr\/#website"},"primaryImageOfPage":{"@id":"https:\/\/fuzehr.com\/job-seekers\/the-future-of-work-2025-outlook-on-the-global-job-market-from-now-to-2030\/#primaryimage"},"image":{"@id":"https:\/\/fuzehr.com\/job-seekers\/the-future-of-work-2025-outlook-on-the-global-job-market-from-now-to-2030\/#primaryimage"},"thumbnailUrl":"https:\/\/fuzehr.com\/wp-content\/uploads\/future-of-labour-market-2025-report-1.webp","datePublished":"2025-02-13T14:00:15+00:00","dateModified":"2025-02-13T15:34:29+00:00","description":"D\u00e9couvrir les tendances cl\u00e9s, emplois \u00e9mergents, secteurs en d\u00e9clin et les comp\u00e9tences essentielles qui modifient l'avenir du travail d'ici \u00e0 2030","breadcrumb":{"@id":"https:\/\/fuzehr.com\/job-seekers\/the-future-of-work-2025-outlook-on-the-global-job-market-from-now-to-2030\/#breadcrumb"},"inLanguage":"fr-FR","potentialAction":[{"@type":"ReadAction","target":["https:\/\/fuzehr.com\/job-seekers\/the-future-of-work-2025-outlook-on-the-global-job-market-from-now-to-2030\/"]}]},{"@type":"ImageObject","inLanguage":"fr-FR","@id":"https:\/\/fuzehr.com\/job-seekers\/the-future-of-work-2025-outlook-on-the-global-job-market-from-now-to-2030\/#primaryimage","url":"https:\/\/fuzehr.com\/wp-content\/uploads\/future-of-labour-market-2025-report-1.webp","contentUrl":"https:\/\/fuzehr.com\/wp-content\/uploads\/future-of-labour-market-2025-report-1.webp","width":2370,"height":1391,"caption":"the future of work in 2025 to 2023"},{"@type":"BreadcrumbList","@id":"https:\/\/fuzehr.com\/job-seekers\/the-future-of-work-2025-outlook-on-the-global-job-market-from-now-to-2030\/#breadcrumb","itemListElement":[{"@type":"ListItem","position":1,"name":"Home","item":"https:\/\/fuzehr.com\/fr\/"},{"@type":"ListItem","position":2,"name":"Rapport sur l&#8217;avenir de l&#8217;emploi en 2025 : Perspectives du march\u00e9 mondial de l&#8217;emploi d&#8217;ici \u00e0 2030"}]},{"@type":"WebSite","@id":"https:\/\/fuzehr.com\/fr\/#website","url":"https:\/\/fuzehr.com\/fr\/","name":"Fuze HR Solutions","description":"Staffing &amp; Recruitment Agency | Temporary &amp; Permanent Jobs","publisher":{"@id":"https:\/\/fuzehr.com\/fr\/#organization"},"potentialAction":[{"@type":"SearchAction","target":{"@type":"EntryPoint","urlTemplate":"https:\/\/fuzehr.com\/fr\/?s={search_term_string}"},"query-input":{"@type":"PropertyValueSpecification","valueRequired":true,"valueName":"search_term_string"}}],"inLanguage":"fr-FR"},{"@type":"Organization","@id":"https:\/\/fuzehr.com\/fr\/#organization","name":"Fuze HR Solutions Inc.","url":"https:\/\/fuzehr.com\/fr\/","logo":{"@type":"ImageObject","inLanguage":"fr-FR","@id":"https:\/\/fuzehr.com\/fr\/#\/schema\/logo\/image\/","url":"https:\/\/fuzehr.com\/wp-content\/uploads\/logo.png","contentUrl":"https:\/\/fuzehr.com\/wp-content\/uploads\/logo.png","width":512,"height":512,"caption":"Fuze HR Solutions Inc."},"image":{"@id":"https:\/\/fuzehr.com\/fr\/#\/schema\/logo\/image\/"},"sameAs":["https:\/\/x.com\/fuzehr","https:\/\/www.linkedin.com\/company\/fuzehrsolutions"]},{"@type":"Person","@id":"https:\/\/fuzehr.com\/fr\/#\/schema\/person\/a6964a8889f0626bd87cae7134ff198c","name":"Melissa","sameAs":["https:\/\/fuzehr.com"],"url":"https:\/\/fuzehr.com\/fr\/author\/melissa-chu\/"}]}},"_links":{"self":[{"href":"https:\/\/fuzehr.com\/fr\/wp-json\/wp\/v2\/posts\/575889"}],"collection":[{"href":"https:\/\/fuzehr.com\/fr\/wp-json\/wp\/v2\/posts"}],"about":[{"href":"https:\/\/fuzehr.com\/fr\/wp-json\/wp\/v2\/types\/post"}],"author":[{"embeddable":true,"href":"https:\/\/fuzehr.com\/fr\/wp-json\/wp\/v2\/users\/3"}],"replies":[{"embeddable":true,"href":"https:\/\/fuzehr.com\/fr\/wp-json\/wp\/v2\/comments?post=575889"}],"version-history":[{"count":19,"href":"https:\/\/fuzehr.com\/fr\/wp-json\/wp\/v2\/posts\/575889\/revisions"}],"predecessor-version":[{"id":575973,"href":"https:\/\/fuzehr.com\/fr\/wp-json\/wp\/v2\/posts\/575889\/revisions\/575973"}],"wp:featuredmedia":[{"embeddable":true,"href":"https:\/\/fuzehr.com\/fr\/wp-json\/wp\/v2\/media\/575866"}],"wp:attachment":[{"href":"https:\/\/fuzehr.com\/fr\/wp-json\/wp\/v2\/media?parent=575889"}],"wp:term":[{"taxonomy":"category","embeddable":true,"href":"https:\/\/fuzehr.com\/fr\/wp-json\/wp\/v2\/categories?post=575889"},{"taxonomy":"post_tag","embeddable":true,"href":"https:\/\/fuzehr.com\/fr\/wp-json\/wp\/v2\/tags?post=575889"}],"curies":[{"name":"wp","href":"https:\/\/api.w.org\/{rel}","templated":true}]}}