{"id":568439,"date":"2024-08-20T17:03:14","date_gmt":"2024-08-20T21:03:14","guid":{"rendered":"https:\/\/fuzehr.com\/?p=568439"},"modified":"2024-08-20T17:03:23","modified_gmt":"2024-08-20T21:03:23","slug":"pourquoi-lautomne-est-la-saison-la-plus-chargee-pour-les-caristes","status":"publish","type":"post","link":"https:\/\/fuzehr.com\/fr\/candidats\/pourquoi-lautomne-est-la-saison-la-plus-chargee-pour-les-caristes\/","title":{"rendered":"Pourquoi l&rsquo;automne est la saison la plus charg\u00e9e pour les caristes ?"},"content":{"rendered":"\t\t<div data-elementor-type=\"wp-post\" data-elementor-id=\"568439\" class=\"elementor elementor-568439 elementor-568392\">\n\t\t\t\t\t\t<div class=\"elementor-inner\">\n\t\t\t\t<div class=\"elementor-section-wrap\">\n\t\t\t\t\t\t\t\t\t<section class=\"elementor-section elementor-top-section elementor-element elementor-element-7733fc5 elementor-section-boxed elementor-section-height-default elementor-section-height-default\" data-id=\"7733fc5\" data-element_type=\"section\">\n\t\t\t\t\t\t<div class=\"elementor-container elementor-column-gap-default\">\n\t\t\t\t\t\t\t<div class=\"elementor-row\">\n\t\t\t\t\t<div class=\"elementor-column elementor-col-100 elementor-top-column elementor-element elementor-element-1d086ef\" data-id=\"1d086ef\" data-element_type=\"column\">\n\t\t\t<div class=\"elementor-column-wrap elementor-element-populated\">\n\t\t\t\t\t\t\t<div class=\"elementor-widget-wrap\">\n\t\t\t\t\t\t<div class=\"elementor-element elementor-element-246a5a6 elementor-widget elementor-widget-text-editor\" data-id=\"246a5a6\" data-element_type=\"widget\" data-widget_type=\"text-editor.default\">\n\t\t\t\t<div class=\"elementor-widget-container\">\n\t\t\t\t\t\t\t\t<div class=\"elementor-text-editor elementor-clearfix\">\n\t\t\t\t<h3>Pourquoi l&rsquo;automne est la saison la plus charg\u00e9e pour les entreprises et le r\u00f4le crucial des caristes<\/h3><p>Lorsque les feuilles changent de couleur et que l&rsquo;air devient frais, les entreprises de divers secteurs se pr\u00e9parent \u00e0 l&rsquo;une des p\u00e9riodes les plus charg\u00e9es de l&rsquo;ann\u00e9e : l&rsquo;automne. Mais qu&rsquo;est-ce qui rend cette saison si mouvement\u00e9e et pourquoi les caristes sont-ils si indispensables pendant cette p\u00e9riode ? Examinons les principaux facteurs qui stimulent la demande de caristes qualifi\u00e9s alors que les entreprises se pr\u00e9parent pour le dernier trimestre de l&rsquo;ann\u00e9e.<\/p><h3>1. Pr\u00e9paration des f\u00eates de fin d&rsquo;ann\u00e9e<\/h3><p>L&rsquo;une des principales raisons pour lesquelles l&rsquo;automne est une p\u00e9riode charg\u00e9e pour les entreprises est l&rsquo;imminence des f\u00eates de fin d&rsquo;ann\u00e9e. Les d\u00e9taillants, les plateformes de commerce \u00e9lectronique et m\u00eame les grossistes commencent \u00e0 se pr\u00e9parer \u00e0 l&rsquo;afflux de clients. Cette pr\u00e9paration implique souvent une gestion massive des stocks, o\u00f9 les produits doivent \u00eatre re\u00e7us, stock\u00e9s et d\u00e9plac\u00e9s efficacement. Les caristes jouent un r\u00f4le crucial dans ces op\u00e9rations, en veillant \u00e0 ce que les marchandises soient manipul\u00e9es rapidement et en toute s\u00e9curit\u00e9 pour r\u00e9pondre \u00e0 l&rsquo;augmentation de la demande.<\/p><h3>2. Approvisionnement de fin d&rsquo;ann\u00e9e<\/h3><p>\u00c0 l&rsquo;approche de la fin de l&rsquo;ann\u00e9e, les entreprises de diff\u00e9rents secteurs commencent \u00e0 constituer des stocks pour r\u00e9pondre \u00e0 la demande de fin d&rsquo;ann\u00e9e. Qu&rsquo;il s&rsquo;agisse de profiter des remises accord\u00e9es par les fournisseurs ou de pr\u00e9parer les ventes de fin d&rsquo;ann\u00e9e, les entreprises doivent s&rsquo;assurer que leurs entrep\u00f4ts sont bien approvisionn\u00e9s et organis\u00e9s. Les caristes deviennent indispensables pendant cette p\u00e9riode, en d\u00e9pla\u00e7ant des palettes de produits, en organisant l&rsquo;inventaire et en maintenant la bonne circulation des marchandises dans l&rsquo;entrep\u00f4t.<\/p><h3>3. La saison des r\u00e9coltes dans l&rsquo;agriculture<\/h3><p>Pour le secteur agricole, l&rsquo;automne est synonyme de saison des r\u00e9coltes. C&rsquo;est \u00e0 ce moment-l\u00e0 que de grandes quantit\u00e9s de produits doivent \u00eatre r\u00e9colt\u00e9es, trait\u00e9es et distribu\u00e9es rapidement. La logistique du transport de ces grands volumes de marchandises n\u00e9cessite souvent l&rsquo;expertise des caristes, qui veillent \u00e0 ce que les produits soient transport\u00e9s efficacement et en toute s\u00e9curit\u00e9 des fermes aux usines de transformation ou aux centres de distribution. Sans ces op\u00e9rateurs qualifi\u00e9s, l&rsquo;ensemble de la cha\u00eene d&rsquo;approvisionnement pourrait subir des retards importants.<\/p><p><img loading=\"lazy\" decoding=\"async\" src=\"https:\/\/fuzehr.com\/wp-content\/uploads\/forklift-operator-loading-cargo-while-working-warehouse-his-colleagues-are-background-copy.webp\" alt=\"loaded forklift operator\" width=\"1000\" height=\"564\" \/><\/p><h3>4. P\u00e9riodes de pointe dans les secteurs de la logistique et du transport<\/h3><p>Lorsque les entreprises se pr\u00e9parent \u00e0 exp\u00e9dier et \u00e0 distribuer davantage de marchandises pendant les f\u00eates de fin d&rsquo;ann\u00e9e, les secteurs de la logistique et du transport connaissent un pic d&rsquo;activit\u00e9. Les entrep\u00f4ts et les centres de distribution sont plus occup\u00e9s que jamais, les marchandises \u00e9tant constamment charg\u00e9es et d\u00e9charg\u00e9es pour respecter des d\u00e9lais serr\u00e9s. Les op\u00e9rateurs jouent un r\u00f4le crucial dans cet environnement en constante \u00e9volution, car ils g\u00e8rent les t\u00e2ches lourdes et veillent \u00e0 ce que les marchandises soient transport\u00e9es avec pr\u00e9cision et soin.<\/p><h3>5. R\u00e9organisation des entrep\u00f4ts<\/h3><p>En pr\u00e9vision de la saison charg\u00e9e, de nombreuses entreprises r\u00e9organisent leur entrep\u00f4t au cours de l&rsquo;automne. Il peut s&rsquo;agir de r\u00e9organiser les stocks pour faire de la place \u00e0 de nouveaux produits, de mettre en place des syst\u00e8mes de stockage efficaces ou simplement d&rsquo;optimiser le flux de marchandises au sein de l&rsquo;installation. Les caristes jouent un r\u00f4le cl\u00e9 dans ces r\u00e9organisations, en d\u00e9pla\u00e7ant de grandes quantit\u00e9s de marchandises et en veillant \u00e0 ce que tout soit \u00e0 sa place pour la saison \u00e0 venir.<\/p><h3>6. Cycles de fabrication<\/h3><p>Certains secteurs manufacturiers voient leur production augmenter \u00e0 l&rsquo;automne, car ils se pr\u00e9parent \u00e0 r\u00e9pondre aux commandes de fin d&rsquo;ann\u00e9e ou \u00e0 d\u00e9marrer la production pour l&rsquo;ann\u00e9e suivante. Qu&rsquo;il s&rsquo;agisse de pi\u00e8ces automobiles, d&rsquo;\u00e9lectronique grand public ou de produits emball\u00e9s, l&rsquo;augmentation de la production signifie plus de mat\u00e9riaux \u00e0 d\u00e9placer et \u00e0 g\u00e9rer. Les conducteurs de chariots \u00e9l\u00e9vateurs sont essentiels pour manipuler les mati\u00e8res premi\u00e8res et les produits finis, afin que la cha\u00eene de production se d\u00e9roule sans heurts.<\/p><h3>Le besoin critique de caristes<\/h3><p>Compte tenu de l&rsquo;augmentation de l&rsquo;activit\u00e9 dans ces diff\u00e9rents secteurs, la demande de caristes qualifi\u00e9s atteint son apog\u00e9e \u00e0 l&rsquo;automne. Les entreprises qui ne parviennent pas \u00e0 recruter des caristes fiables risquent d&rsquo;avoir du mal \u00e0 r\u00e9pondre aux demandes de la saison, ce qui peut entra\u00eener des retards, des pertes de revenus et l&rsquo;insatisfaction des clients.<\/p><h3>Conclusion : N&rsquo;attendez pas, planifiez<\/h3><p>\u00c0 l&rsquo;approche de l&rsquo;automne, il est essentiel que les entreprises commencent \u00e0 planifier leurs strat\u00e9gies d&#8217;embauche de caristes. La saison occup\u00e9e peut \u00eatre impr\u00e9visible, et le fait de disposer d&rsquo;un groupe de caristes pr\u00eats \u00e0 travailler peut faire toute la diff\u00e9rence pour assurer le bon d\u00e9roulement des op\u00e9rations. Que vous travailliez dans le commerce de d\u00e9tail, l&rsquo;agriculture, la fabrication ou la logistique, le fait d&#8217;embaucher d\u00e8s maintenant des caristes comp\u00e9tents vous aidera \u00e0 garder une longueur d&rsquo;avance et \u00e0 relever les d\u00e9fis de la saison.<\/p><p>Si vous \u00eates \u00e0 la recherche d&rsquo;op\u00e9rateurs exp\u00e9riment\u00e9s et certifi\u00e9s pour soutenir votre entreprise pendant cette p\u00e9riode charg\u00e9e, n&rsquo;h\u00e9sitez pas \u00e0 nous contacter. C&rsquo;est maintenant qu&rsquo;il faut agir, avant que la saison ne passe vraiment \u00e0 la vitesse sup\u00e9rieure.<\/p>\t\t\t\t\t<\/div>\n\t\t\t\t\t\t<\/div>\n\t\t\t\t<\/div>\n\t\t\t\t<div class=\"elementor-element elementor-element-a6bb8d5 elementor-cta--layout-image-left elementor-cta--skin-classic elementor-animated-content elementor-bg-transform elementor-bg-transform-zoom-in elementor-widget elementor-widget-call-to-action\" data-id=\"a6bb8d5\" data-element_type=\"widget\" data-widget_type=\"call-to-action.default\">\n\t\t\t\t<div class=\"elementor-widget-container\">\n\t\t\t\t\t<div class=\"elementor-cta\">\n\t\t\t\t\t<div class=\"elementor-cta__bg-wrapper\">\n\t\t\t\t<div class=\"elementor-cta__bg elementor-bg\" style=\"background-image: url(https:\/\/fuzehr.com\/wp-content\/uploads\/professional-female-driver-operating-forklift-vehicle-copy-Melissas-MacBook-Pro-2-1024x625.webp);\"><\/div>\n\t\t\t\t<div class=\"elementor-cta__bg-overlay\"><\/div>\n\t\t\t<\/div>\n\t\t\t\t\t\t\t<div class=\"elementor-cta__content\">\n\t\t\t\t\n\t\t\t\t<h2 class=\"elementor-cta__title elementor-cta__content-item elementor-content-item\">Nous avons des caristes pr\u00eats \u00e0 \u00eatre embauch\u00e9s<\/h2>\n\t\t\t\t\t\t\t\t\t<div class=\"elementor-cta__description elementor-cta__content-item elementor-content-item\">\n\t\t\t\t\t\tContactez un gestionnaire de compte pour commencer \u00e0 embaucher\t\t\t\t\t<\/div>\n\t\t\t\t\n\t\t\t\t\t\t\t\t\t<div class=\"elementor-cta__button-wrapper elementor-cta__content-item elementor-content-item \">\n\t\t\t\t\t<a class=\"elementor-cta__button elementor-button elementor-size-sm\" href=\"https:\/\/fuzehr.com\/fr\/contactez-nous\/\">\n\t\t\t\t\t\tContactez-nous\t\t\t\t\t<\/a>\n\t\t\t\t\t<\/div>\n\t\t\t\t\t\t\t<\/div>\n\t\t\t\t\t\t<\/div>\n\t\t\t\t<\/div>\n\t\t\t\t<\/div>\n\t\t\t\t\t\t<\/div>\n\t\t\t\t\t<\/div>\n\t\t<\/div>\n\t\t\t\t\t\t\t\t<\/div>\n\t\t\t\t\t<\/div>\n\t\t<\/section>\n\t\t\t\t\t\t\t\t\t<\/div>\n\t\t\t<\/div>\n\t\t\t\t\t<\/div>\n\t\t","protected":false},"excerpt":{"rendered":"<p>\u00c0 l&rsquo;approche de l&rsquo;automne, les entreprises de divers secteurs se pr\u00e9parent \u00e0 l&rsquo;une des p\u00e9riodes les plus charg\u00e9es de l&rsquo;ann\u00e9e. De la pr\u00e9paration des f\u00eates \u00e0 la constitution des stocks de fin d&rsquo;ann\u00e9e, la demande de caristes qualifi\u00e9s augmente au fur et \u00e0 mesure que les entreprises se pr\u00e9parent \u00e0 r\u00e9pondre \u00e0 des besoins accrus en mati\u00e8re de production et de distribution. Dans cet article, nous expliquons pourquoi l&rsquo;automne est une saison critique pour l&#8217;embauche de caristes et pourquoi le fait de s&rsquo;assurer les bons talents d\u00e8s maintenant peut aider votre entreprise \u00e0 traverser la haute saison en douceur.<\/p>\n","protected":false},"author":3,"featured_media":568400,"comment_status":"closed","ping_status":"closed","sticky":false,"template":"","format":"standard","meta":{"footnotes":""},"categories":[792,854],"tags":[],"yoast_head":"<!-- This site is optimized with the Yoast SEO plugin v23.5 - https:\/\/yoast.com\/wordpress\/plugins\/seo\/ -->\n<title>Pourquoi l&#039;automne est la saison la plus charg\u00e9e pour les caristes ? - Fuze HR Solutions<\/title>\n<meta name=\"description\" content=\"L&#039;automne est l&#039;une des saisons les plus charg\u00e9es pour les caristes et les entreprises les embauchent le plus souvent pour de nombreuses raisons.\" \/>\n<meta name=\"robots\" content=\"index, follow, max-snippet:-1, max-image-preview:large, max-video-preview:-1\" \/>\n<link rel=\"canonical\" href=\"https:\/\/fuzehr.com\/fr\/candidats\/pourquoi-lautomne-est-la-saison-la-plus-chargee-pour-les-caristes\/\" \/>\n<meta property=\"og:locale\" content=\"fr_FR\" \/>\n<meta property=\"og:type\" content=\"article\" \/>\n<meta property=\"og:title\" content=\"Pourquoi l&#039;automne est la saison la plus charg\u00e9e pour les caristes ? - Fuze HR Solutions\" \/>\n<meta property=\"og:description\" content=\"L&#039;automne est l&#039;une des saisons les plus charg\u00e9es pour les caristes et les entreprises les embauchent le plus souvent pour de nombreuses raisons.\" \/>\n<meta property=\"og:url\" content=\"https:\/\/fuzehr.com\/fr\/candidats\/pourquoi-lautomne-est-la-saison-la-plus-chargee-pour-les-caristes\/\" \/>\n<meta property=\"og:site_name\" content=\"Fuze HR Solutions\" \/>\n<meta property=\"article:published_time\" content=\"2024-08-20T21:03:14+00:00\" \/>\n<meta property=\"article:modified_time\" content=\"2024-08-20T21:03:23+00:00\" \/>\n<meta property=\"og:image\" content=\"https:\/\/fuzehr.com\/wp-content\/uploads\/man-working-warehouse-driving-forklift-copy-scaled.webp\" \/>\n\t<meta property=\"og:image:width\" content=\"2560\" \/>\n\t<meta property=\"og:image:height\" content=\"1590\" \/>\n\t<meta property=\"og:image:type\" content=\"image\/webp\" \/>\n<meta name=\"author\" content=\"Melissa\" \/>\n<meta name=\"twitter:card\" content=\"summary_large_image\" \/>\n<meta name=\"twitter:creator\" content=\"@fuzehr\" \/>\n<meta name=\"twitter:site\" content=\"@fuzehr\" \/>\n<meta name=\"twitter:label1\" content=\"\u00c9crit par\" \/>\n\t<meta name=\"twitter:data1\" content=\"Melissa\" \/>\n\t<meta name=\"twitter:label2\" content=\"Dur\u00e9e de lecture estim\u00e9e\" \/>\n\t<meta name=\"twitter:data2\" content=\"5 minutes\" \/>\n<script type=\"application\/ld+json\" class=\"yoast-schema-graph\">{\"@context\":\"https:\/\/schema.org\",\"@graph\":[{\"@type\":\"Article\",\"@id\":\"https:\/\/fuzehr.com\/fr\/candidats\/pourquoi-lautomne-est-la-saison-la-plus-chargee-pour-les-caristes\/#article\",\"isPartOf\":{\"@id\":\"https:\/\/fuzehr.com\/fr\/candidats\/pourquoi-lautomne-est-la-saison-la-plus-chargee-pour-les-caristes\/\"},\"author\":{\"name\":\"Melissa\",\"@id\":\"https:\/\/fuzehr.com\/fr\/#\/schema\/person\/a6964a8889f0626bd87cae7134ff198c\"},\"headline\":\"Pourquoi l&rsquo;automne est la saison la plus charg\u00e9e pour les caristes ?\",\"datePublished\":\"2024-08-20T21:03:14+00:00\",\"dateModified\":\"2024-08-20T21:03:23+00:00\",\"mainEntityOfPage\":{\"@id\":\"https:\/\/fuzehr.com\/fr\/candidats\/pourquoi-lautomne-est-la-saison-la-plus-chargee-pour-les-caristes\/\"},\"wordCount\":937,\"publisher\":{\"@id\":\"https:\/\/fuzehr.com\/fr\/#organization\"},\"image\":{\"@id\":\"https:\/\/fuzehr.com\/fr\/candidats\/pourquoi-lautomne-est-la-saison-la-plus-chargee-pour-les-caristes\/#primaryimage\"},\"thumbnailUrl\":\"https:\/\/fuzehr.com\/wp-content\/uploads\/man-working-warehouse-driving-forklift-copy-scaled.webp\",\"articleSection\":[\"Candidats\",\"Recrutement\"],\"inLanguage\":\"fr-FR\"},{\"@type\":\"WebPage\",\"@id\":\"https:\/\/fuzehr.com\/fr\/candidats\/pourquoi-lautomne-est-la-saison-la-plus-chargee-pour-les-caristes\/\",\"url\":\"https:\/\/fuzehr.com\/fr\/candidats\/pourquoi-lautomne-est-la-saison-la-plus-chargee-pour-les-caristes\/\",\"name\":\"Pourquoi l'automne est la saison la plus charg\u00e9e pour les caristes ? - Fuze HR Solutions\",\"isPartOf\":{\"@id\":\"https:\/\/fuzehr.com\/fr\/#website\"},\"primaryImageOfPage\":{\"@id\":\"https:\/\/fuzehr.com\/fr\/candidats\/pourquoi-lautomne-est-la-saison-la-plus-chargee-pour-les-caristes\/#primaryimage\"},\"image\":{\"@id\":\"https:\/\/fuzehr.com\/fr\/candidats\/pourquoi-lautomne-est-la-saison-la-plus-chargee-pour-les-caristes\/#primaryimage\"},\"thumbnailUrl\":\"https:\/\/fuzehr.com\/wp-content\/uploads\/man-working-warehouse-driving-forklift-copy-scaled.webp\",\"datePublished\":\"2024-08-20T21:03:14+00:00\",\"dateModified\":\"2024-08-20T21:03:23+00:00\",\"description\":\"L'automne est l'une des saisons les plus charg\u00e9es pour les caristes et les entreprises les embauchent le plus souvent pour de nombreuses raisons.\",\"breadcrumb\":{\"@id\":\"https:\/\/fuzehr.com\/fr\/candidats\/pourquoi-lautomne-est-la-saison-la-plus-chargee-pour-les-caristes\/#breadcrumb\"},\"inLanguage\":\"fr-FR\",\"potentialAction\":[{\"@type\":\"ReadAction\",\"target\":[\"https:\/\/fuzehr.com\/fr\/candidats\/pourquoi-lautomne-est-la-saison-la-plus-chargee-pour-les-caristes\/\"]}]},{\"@type\":\"ImageObject\",\"inLanguage\":\"fr-FR\",\"@id\":\"https:\/\/fuzehr.com\/fr\/candidats\/pourquoi-lautomne-est-la-saison-la-plus-chargee-pour-les-caristes\/#primaryimage\",\"url\":\"https:\/\/fuzehr.com\/wp-content\/uploads\/man-working-warehouse-driving-forklift-copy-scaled.webp\",\"contentUrl\":\"https:\/\/fuzehr.com\/wp-content\/uploads\/man-working-warehouse-driving-forklift-copy-scaled.webp\",\"width\":2560,\"height\":1590,\"caption\":\"forklift operator working in the warehouse\"},{\"@type\":\"BreadcrumbList\",\"@id\":\"https:\/\/fuzehr.com\/fr\/candidats\/pourquoi-lautomne-est-la-saison-la-plus-chargee-pour-les-caristes\/#breadcrumb\",\"itemListElement\":[{\"@type\":\"ListItem\",\"position\":1,\"name\":\"Home\",\"item\":\"https:\/\/fuzehr.com\/fr\/\"},{\"@type\":\"ListItem\",\"position\":2,\"name\":\"Pourquoi l&#8217;automne est la saison la plus charg\u00e9e pour les caristes ?\"}]},{\"@type\":\"WebSite\",\"@id\":\"https:\/\/fuzehr.com\/fr\/#website\",\"url\":\"https:\/\/fuzehr.com\/fr\/\",\"name\":\"Fuze HR Solutions\",\"description\":\"Staffing &amp; Recruitment Agency | Temporary &amp; Permanent Jobs\",\"publisher\":{\"@id\":\"https:\/\/fuzehr.com\/fr\/#organization\"},\"potentialAction\":[{\"@type\":\"SearchAction\",\"target\":{\"@type\":\"EntryPoint\",\"urlTemplate\":\"https:\/\/fuzehr.com\/fr\/?s={search_term_string}\"},\"query-input\":{\"@type\":\"PropertyValueSpecification\",\"valueRequired\":true,\"valueName\":\"search_term_string\"}}],\"inLanguage\":\"fr-FR\"},{\"@type\":\"Organization\",\"@id\":\"https:\/\/fuzehr.com\/fr\/#organization\",\"name\":\"Fuze HR Solutions Inc.\",\"url\":\"https:\/\/fuzehr.com\/fr\/\",\"logo\":{\"@type\":\"ImageObject\",\"inLanguage\":\"fr-FR\",\"@id\":\"https:\/\/fuzehr.com\/fr\/#\/schema\/logo\/image\/\",\"url\":\"https:\/\/fuzehr.com\/wp-content\/uploads\/logo.png\",\"contentUrl\":\"https:\/\/fuzehr.com\/wp-content\/uploads\/logo.png\",\"width\":512,\"height\":512,\"caption\":\"Fuze HR Solutions Inc.\"},\"image\":{\"@id\":\"https:\/\/fuzehr.com\/fr\/#\/schema\/logo\/image\/\"},\"sameAs\":[\"https:\/\/x.com\/fuzehr\",\"https:\/\/www.linkedin.com\/company\/fuzehrsolutions\"]},{\"@type\":\"Person\",\"@id\":\"https:\/\/fuzehr.com\/fr\/#\/schema\/person\/a6964a8889f0626bd87cae7134ff198c\",\"name\":\"Melissa\",\"sameAs\":[\"https:\/\/fuzehr.com\"],\"url\":\"https:\/\/fuzehr.com\/fr\/author\/melissa-chu\/\"}]}<\/script>\n<!-- \/ Yoast SEO plugin. -->","yoast_head_json":{"title":"Pourquoi l'automne est la saison la plus charg\u00e9e pour les caristes ? - Fuze HR Solutions","description":"L'automne est l'une des saisons les plus charg\u00e9es pour les caristes et les entreprises les embauchent le plus souvent pour de nombreuses raisons.","robots":{"index":"index","follow":"follow","max-snippet":"max-snippet:-1","max-image-preview":"max-image-preview:large","max-video-preview":"max-video-preview:-1"},"canonical":"https:\/\/fuzehr.com\/fr\/candidats\/pourquoi-lautomne-est-la-saison-la-plus-chargee-pour-les-caristes\/","og_locale":"fr_FR","og_type":"article","og_title":"Pourquoi l'automne est la saison la plus charg\u00e9e pour les caristes ? - Fuze HR Solutions","og_description":"L'automne est l'une des saisons les plus charg\u00e9es pour les caristes et les entreprises les embauchent le plus souvent pour de nombreuses raisons.","og_url":"https:\/\/fuzehr.com\/fr\/candidats\/pourquoi-lautomne-est-la-saison-la-plus-chargee-pour-les-caristes\/","og_site_name":"Fuze HR Solutions","article_published_time":"2024-08-20T21:03:14+00:00","article_modified_time":"2024-08-20T21:03:23+00:00","og_image":[{"width":2560,"height":1590,"url":"https:\/\/fuzehr.com\/wp-content\/uploads\/man-working-warehouse-driving-forklift-copy-scaled.webp","type":"image\/webp"}],"author":"Melissa","twitter_card":"summary_large_image","twitter_creator":"@fuzehr","twitter_site":"@fuzehr","twitter_misc":{"\u00c9crit par":"Melissa","Dur\u00e9e de lecture estim\u00e9e":"5 minutes"},"schema":{"@context":"https:\/\/schema.org","@graph":[{"@type":"Article","@id":"https:\/\/fuzehr.com\/fr\/candidats\/pourquoi-lautomne-est-la-saison-la-plus-chargee-pour-les-caristes\/#article","isPartOf":{"@id":"https:\/\/fuzehr.com\/fr\/candidats\/pourquoi-lautomne-est-la-saison-la-plus-chargee-pour-les-caristes\/"},"author":{"name":"Melissa","@id":"https:\/\/fuzehr.com\/fr\/#\/schema\/person\/a6964a8889f0626bd87cae7134ff198c"},"headline":"Pourquoi l&rsquo;automne est la saison la plus charg\u00e9e pour les caristes ?","datePublished":"2024-08-20T21:03:14+00:00","dateModified":"2024-08-20T21:03:23+00:00","mainEntityOfPage":{"@id":"https:\/\/fuzehr.com\/fr\/candidats\/pourquoi-lautomne-est-la-saison-la-plus-chargee-pour-les-caristes\/"},"wordCount":937,"publisher":{"@id":"https:\/\/fuzehr.com\/fr\/#organization"},"image":{"@id":"https:\/\/fuzehr.com\/fr\/candidats\/pourquoi-lautomne-est-la-saison-la-plus-chargee-pour-les-caristes\/#primaryimage"},"thumbnailUrl":"https:\/\/fuzehr.com\/wp-content\/uploads\/man-working-warehouse-driving-forklift-copy-scaled.webp","articleSection":["Candidats","Recrutement"],"inLanguage":"fr-FR"},{"@type":"WebPage","@id":"https:\/\/fuzehr.com\/fr\/candidats\/pourquoi-lautomne-est-la-saison-la-plus-chargee-pour-les-caristes\/","url":"https:\/\/fuzehr.com\/fr\/candidats\/pourquoi-lautomne-est-la-saison-la-plus-chargee-pour-les-caristes\/","name":"Pourquoi l'automne est la saison la plus charg\u00e9e pour les caristes ? - Fuze HR Solutions","isPartOf":{"@id":"https:\/\/fuzehr.com\/fr\/#website"},"primaryImageOfPage":{"@id":"https:\/\/fuzehr.com\/fr\/candidats\/pourquoi-lautomne-est-la-saison-la-plus-chargee-pour-les-caristes\/#primaryimage"},"image":{"@id":"https:\/\/fuzehr.com\/fr\/candidats\/pourquoi-lautomne-est-la-saison-la-plus-chargee-pour-les-caristes\/#primaryimage"},"thumbnailUrl":"https:\/\/fuzehr.com\/wp-content\/uploads\/man-working-warehouse-driving-forklift-copy-scaled.webp","datePublished":"2024-08-20T21:03:14+00:00","dateModified":"2024-08-20T21:03:23+00:00","description":"L'automne est l'une des saisons les plus charg\u00e9es pour les caristes et les entreprises les embauchent le plus souvent pour de nombreuses raisons.","breadcrumb":{"@id":"https:\/\/fuzehr.com\/fr\/candidats\/pourquoi-lautomne-est-la-saison-la-plus-chargee-pour-les-caristes\/#breadcrumb"},"inLanguage":"fr-FR","potentialAction":[{"@type":"ReadAction","target":["https:\/\/fuzehr.com\/fr\/candidats\/pourquoi-lautomne-est-la-saison-la-plus-chargee-pour-les-caristes\/"]}]},{"@type":"ImageObject","inLanguage":"fr-FR","@id":"https:\/\/fuzehr.com\/fr\/candidats\/pourquoi-lautomne-est-la-saison-la-plus-chargee-pour-les-caristes\/#primaryimage","url":"https:\/\/fuzehr.com\/wp-content\/uploads\/man-working-warehouse-driving-forklift-copy-scaled.webp","contentUrl":"https:\/\/fuzehr.com\/wp-content\/uploads\/man-working-warehouse-driving-forklift-copy-scaled.webp","width":2560,"height":1590,"caption":"forklift operator working in the warehouse"},{"@type":"BreadcrumbList","@id":"https:\/\/fuzehr.com\/fr\/candidats\/pourquoi-lautomne-est-la-saison-la-plus-chargee-pour-les-caristes\/#breadcrumb","itemListElement":[{"@type":"ListItem","position":1,"name":"Home","item":"https:\/\/fuzehr.com\/fr\/"},{"@type":"ListItem","position":2,"name":"Pourquoi l&#8217;automne est la saison la plus charg\u00e9e pour les caristes ?"}]},{"@type":"WebSite","@id":"https:\/\/fuzehr.com\/fr\/#website","url":"https:\/\/fuzehr.com\/fr\/","name":"Fuze HR Solutions","description":"Staffing &amp; Recruitment Agency | Temporary &amp; Permanent Jobs","publisher":{"@id":"https:\/\/fuzehr.com\/fr\/#organization"},"potentialAction":[{"@type":"SearchAction","target":{"@type":"EntryPoint","urlTemplate":"https:\/\/fuzehr.com\/fr\/?s={search_term_string}"},"query-input":{"@type":"PropertyValueSpecification","valueRequired":true,"valueName":"search_term_string"}}],"inLanguage":"fr-FR"},{"@type":"Organization","@id":"https:\/\/fuzehr.com\/fr\/#organization","name":"Fuze HR Solutions Inc.","url":"https:\/\/fuzehr.com\/fr\/","logo":{"@type":"ImageObject","inLanguage":"fr-FR","@id":"https:\/\/fuzehr.com\/fr\/#\/schema\/logo\/image\/","url":"https:\/\/fuzehr.com\/wp-content\/uploads\/logo.png","contentUrl":"https:\/\/fuzehr.com\/wp-content\/uploads\/logo.png","width":512,"height":512,"caption":"Fuze HR Solutions Inc."},"image":{"@id":"https:\/\/fuzehr.com\/fr\/#\/schema\/logo\/image\/"},"sameAs":["https:\/\/x.com\/fuzehr","https:\/\/www.linkedin.com\/company\/fuzehrsolutions"]},{"@type":"Person","@id":"https:\/\/fuzehr.com\/fr\/#\/schema\/person\/a6964a8889f0626bd87cae7134ff198c","name":"Melissa","sameAs":["https:\/\/fuzehr.com"],"url":"https:\/\/fuzehr.com\/fr\/author\/melissa-chu\/"}]}},"_links":{"self":[{"href":"https:\/\/fuzehr.com\/fr\/wp-json\/wp\/v2\/posts\/568439"}],"collection":[{"href":"https:\/\/fuzehr.com\/fr\/wp-json\/wp\/v2\/posts"}],"about":[{"href":"https:\/\/fuzehr.com\/fr\/wp-json\/wp\/v2\/types\/post"}],"author":[{"embeddable":true,"href":"https:\/\/fuzehr.com\/fr\/wp-json\/wp\/v2\/users\/3"}],"replies":[{"embeddable":true,"href":"https:\/\/fuzehr.com\/fr\/wp-json\/wp\/v2\/comments?post=568439"}],"version-history":[{"count":7,"href":"https:\/\/fuzehr.com\/fr\/wp-json\/wp\/v2\/posts\/568439\/revisions"}],"predecessor-version":[{"id":568446,"href":"https:\/\/fuzehr.com\/fr\/wp-json\/wp\/v2\/posts\/568439\/revisions\/568446"}],"wp:featuredmedia":[{"embeddable":true,"href":"https:\/\/fuzehr.com\/fr\/wp-json\/wp\/v2\/media\/568400"}],"wp:attachment":[{"href":"https:\/\/fuzehr.com\/fr\/wp-json\/wp\/v2\/media?parent=568439"}],"wp:term":[{"taxonomy":"category","embeddable":true,"href":"https:\/\/fuzehr.com\/fr\/wp-json\/wp\/v2\/categories?post=568439"},{"taxonomy":"post_tag","embeddable":true,"href":"https:\/\/fuzehr.com\/fr\/wp-json\/wp\/v2\/tags?post=568439"}],"curies":[{"name":"wp","href":"https:\/\/api.w.org\/{rel}","templated":true}]}}