{"id":546040,"date":"2023-07-20T16:01:44","date_gmt":"2023-07-20T20:01:44","guid":{"rendered":"https:\/\/fuzehr.com\/?p=546040"},"modified":"2024-01-31T16:20:06","modified_gmt":"2024-01-31T21:20:06","slug":"ce-quil-faut-faire-pour-eviter-lanxiete-du-retour-au-travail-apres-les-vacances","status":"publish","type":"post","link":"https:\/\/fuzehr.com\/fr\/candidats\/ce-quil-faut-faire-pour-eviter-lanxiete-du-retour-au-travail-apres-les-vacances\/","title":{"rendered":"Ce qu&rsquo;il faut faire pour \u00e9viter l&rsquo;anxi\u00e9t\u00e9 du retour au travail apr\u00e8s les vacances"},"content":{"rendered":"\t\t<div data-elementor-type=\"wp-post\" data-elementor-id=\"546040\" class=\"elementor elementor-546040 elementor-545842\">\n\t\t\t\t\t\t<div class=\"elementor-inner\">\n\t\t\t\t<div class=\"elementor-section-wrap\">\n\t\t\t\t\t\t\t\t\t<section class=\"elementor-section elementor-top-section elementor-element elementor-element-a8a409c elementor-section-boxed elementor-section-height-default elementor-section-height-default\" data-id=\"a8a409c\" data-element_type=\"section\">\n\t\t\t\t\t\t<div class=\"elementor-container elementor-column-gap-default\">\n\t\t\t\t\t\t\t<div class=\"elementor-row\">\n\t\t\t\t\t<div class=\"elementor-column elementor-col-100 elementor-top-column elementor-element elementor-element-877889b\" data-id=\"877889b\" data-element_type=\"column\">\n\t\t\t<div class=\"elementor-column-wrap elementor-element-populated\">\n\t\t\t\t\t\t\t<div class=\"elementor-widget-wrap\">\n\t\t\t\t\t\t<div class=\"elementor-element elementor-element-a74bb62 elementor-widget elementor-widget-text-editor\" data-id=\"a74bb62\" data-element_type=\"widget\" data-widget_type=\"text-editor.default\">\n\t\t\t\t<div class=\"elementor-widget-container\">\n\t\t\t\t\t\t\t\t<div class=\"elementor-text-editor elementor-clearfix\">\n\t\t\t\t<p>C&rsquo;est la saison des vacances, nous attendons avec impatience les bons moments et tous les rayons de soleil que nous pourrons profiter. Le retour au bureau apr\u00e8s des vacances peut s&rsquo;av\u00e9rer difficile, car vous pouvez ressentir une d\u00e9prime apr\u00e8s les vacances ou un sentiment de d\u00e9sorientation. Voici quelques recommandations pour faciliter la transition tout en profitant au maximum de votre retour au travail et en restant motiv\u00e9 pour votre prochain cong\u00e9 !<\/p><h4>1. Planifiez \u00e0 l&rsquo;avance :<\/h4><p>Avant la fin de vos vacances, prenez le temps d&rsquo;organiser vos t\u00e2ches et vos priorit\u00e9s pour les premiers jours de votre retour. Vous disposerez ainsi d&rsquo;une feuille de route claire et vous vous sentirez mieux pr\u00e9par\u00e9 \u00e0 votre retour.<\/p><h4>2. Journ\u00e9e de transition :<\/h4><p>Envisagez de planifier une journ\u00e9e de transition entre vos vacances et votre premier jour de retour au travail. Vous aurez ainsi le temps de d\u00e9faire vos valises, de rattraper les t\u00e2ches m\u00e9nag\u00e8res et de vous pr\u00e9parer mentalement \u00e0 la transition.<\/p><h4>3. Bloquez la premi\u00e8re matin\u00e9e de retour :<\/h4><p>Envisagez de bloquer la premi\u00e8re matin\u00e9e de votre retour au travail pour vous concentrer sur le rattrapage et la reprise du travail.<\/p><ul><li>\u00c9vitez les r\u00e9unions ou les rendez-vous inutiles pendant cette p\u00e9riode.<\/li><li>Utilisez ce temps d\u00e9di\u00e9 pour passer en revue vos courriels, vos messages et toutes les t\u00e2ches en suspens qui requi\u00e8rent votre attention imm\u00e9diate.<\/li><\/ul><p>En vous r\u00e9servant un temps ininterrompu, vous pouvez reprendre le contr\u00f4le de votre charge de travail et \u00e9viter de vous sentir submerg\u00e9 par une bo\u00eete de r\u00e9ception d\u00e9bordante ou un afflux soudain de t\u00e2ches. Cela vous permet de vous mettre au travail \u00e0 votre propre rythme et d&rsquo;\u00e9tablir un sentiment de productivit\u00e9 d\u00e8s le d\u00e9part.<\/p><h4>4. Arrivez t\u00f4t :<\/h4><p>Le premier jour de votre retour, essayez d&rsquo;arriver un peu plus t\u00f4t que d&rsquo;habitude. Cela vous permettra de vous installer tranquillement, de rattraper vos courriels et de planifier votre journ\u00e9e sans vous sentir bouscul\u00e9.<\/p><h4>5. R\u00e9fl\u00e9chissez \u00e0 vos vacances :<\/h4><p>Prenez quelques instants pour r\u00e9fl\u00e9chir aux aspects positifs de vos vacances et transposez ces sentiments dans votre environnement de travail. Rappelez-vous les exp\u00e9riences, les moments de d\u00e9tente et les le\u00e7ons que vous avez apprises pendant vos vacances. Cela peut contribuer \u00e0 am\u00e9liorer votre humeur et \u00e0 vous motiver.<\/p><p><img loading=\"lazy\" decoding=\"async\" src=\"https:\/\/fuzehr.com\/wp-content\/uploads\/post-vacation-returning-to-office.jpg\" alt=\"\" width=\"1000\" height=\"546\" \/><\/p><h4>6. Int\u00e9grer progressivement votre charge de travail :<\/h4><p>Plut\u00f4t que de vous lancer dans une charge de travail compl\u00e8te, vous pouvez envisager d&rsquo;augmenter progressivement vos heures de travail et vos responsabilit\u00e9s. Commencez par vous concentrer sur les t\u00e2ches ou les projets essentiels et augmentez progressivement votre charge de travail sur quelques jours ou une semaine. Cette approche vous permet de vous r\u00e9habituer \u00e0 votre routine de travail sans vous sentir submerg\u00e9. Classez les t\u00e2ches par ordre de priorit\u00e9 en fonction de leur urgence et de leur importance, et communiquez avec votre sup\u00e9rieur ou les membres de votre \u00e9quipe pour assurer une transition en douceur.<\/p><h4>7. Accordez la priorit\u00e9 aux soins personnels :<\/h4><p>Int\u00e9grez des activit\u00e9s de soins personnels dans votre routine quotidienne, m\u00eame lorsque vous \u00eates de retour au travail. Faites des pauses, pratiquez des exercices de pleine conscience ou engagez-vous dans des activit\u00e9s qui vous aident \u00e0 vous d\u00e9tendre et \u00e0 vous ressourcer. Ces activit\u00e9s contribueront \u00e0 votre bien-\u00eatre g\u00e9n\u00e9ral et vous aideront \u00e0 soulager tout blues post-vacances qui persisterait.<\/p><h4>8. Fixez-vous de nouveaux objectifs :<\/h4><p>Profitez de votre \u00e9tat d&rsquo;esprit rafra\u00eechi pour vous fixer de nouveaux objectifs ou r\u00e9\u00e9valuer ceux que vous avez d\u00e9j\u00e0. Cela peut donner un sens \u00e0 votre travail et vous aider \u00e0 rester motiv\u00e9 et concentr\u00e9.<\/p><h4>9. Planifiez vos prochaines vacances :<\/h4><p>Le fait d&rsquo;avoir quelque chose \u00e0 attendre avec impatience peut rendre le retour au travail plus facile \u00e0 g\u00e9rer. Commencez \u00e0 penser \u00e0 vos prochaines vacances ou m\u00eame \u00e0 de courtes pauses que vous pouvez prendre tout au long de l&rsquo;ann\u00e9e. Cette anticipation peut contribuer \u00e0 att\u00e9nuer la d\u00e9prime post-vacances et vous donner un objectif \u00e0 atteindre.<\/p><p>N&rsquo;oubliez pas que le retour au travail apr\u00e8s des vacances est un processus progressif et qu&rsquo;il est normal de se sentir un peu d\u00e9synchronis\u00e9 au d\u00e9but. Accordez-vous un peu de temps et soyez patient pendant que vous vous r\u00e9adaptez \u00e0 votre routine de travail.<\/p>\t\t\t\t\t<\/div>\n\t\t\t\t\t\t<\/div>\n\t\t\t\t<\/div>\n\t\t\t\t\t\t<\/div>\n\t\t\t\t\t<\/div>\n\t\t<\/div>\n\t\t\t\t\t\t\t\t<\/div>\n\t\t\t\t\t<\/div>\n\t\t<\/section>\n\t\t\t\t\t\t\t\t\t<\/div>\n\t\t\t<\/div>\n\t\t\t\t\t<\/div>\n\t\t","protected":false},"excerpt":{"rendered":"<p>C&rsquo;est la saison des vacances, nous attendons avec impatience les bons moments et tous les rayons de soleil que nous pourrons profiter. Le retour au bureau apr\u00e8s des vacances peut s&rsquo;av\u00e9rer difficile, car vous pouvez ressentir une d\u00e9prime apr\u00e8s les vacances ou un sentiment de d\u00e9sorientation. Voici quelques recommandations pour faciliter la transition tout en [&hellip;]<\/p>\n","protected":false},"author":3,"featured_media":545850,"comment_status":"closed","ping_status":"closed","sticky":false,"template":"","format":"standard","meta":{"footnotes":""},"categories":[792,845,832],"tags":[846,847,848],"yoast_head":"<!-- This site is optimized with the Yoast SEO plugin v23.5 - https:\/\/yoast.com\/wordpress\/plugins\/seo\/ -->\n<title>Ce qu&#039;il faut faire pour \u00e9viter l&#039;anxi\u00e9t\u00e9 du retour au travail apr\u00e8s les vacances - Fuze HR Solutions<\/title>\n<meta name=\"description\" content=\"Vous partez en vacances et vous voulez \u00e9viter la d\u00e9prime de l&#039;apr\u00e8s-vacances ? Voici quelques conseils pour votre retour au travail.\" \/>\n<meta name=\"robots\" content=\"index, follow, max-snippet:-1, max-image-preview:large, max-video-preview:-1\" \/>\n<link rel=\"canonical\" href=\"https:\/\/fuzehr.com\/fr\/candidats\/ce-quil-faut-faire-pour-eviter-lanxiete-du-retour-au-travail-apres-les-vacances\/\" \/>\n<meta property=\"og:locale\" content=\"fr_FR\" \/>\n<meta property=\"og:type\" content=\"article\" \/>\n<meta property=\"og:title\" content=\"Ce qu&#039;il faut faire pour \u00e9viter l&#039;anxi\u00e9t\u00e9 du retour au travail apr\u00e8s les vacances - Fuze HR Solutions\" \/>\n<meta property=\"og:description\" content=\"Vous partez en vacances et vous voulez \u00e9viter la d\u00e9prime de l&#039;apr\u00e8s-vacances ? Voici quelques conseils pour votre retour au travail.\" \/>\n<meta property=\"og:url\" content=\"https:\/\/fuzehr.com\/fr\/candidats\/ce-quil-faut-faire-pour-eviter-lanxiete-du-retour-au-travail-apres-les-vacances\/\" \/>\n<meta property=\"og:site_name\" content=\"Fuze HR Solutions\" \/>\n<meta property=\"article:published_time\" content=\"2023-07-20T20:01:44+00:00\" \/>\n<meta property=\"article:modified_time\" content=\"2024-01-31T21:20:06+00:00\" \/>\n<meta property=\"og:image\" content=\"https:\/\/fuzehr.com\/wp-content\/uploads\/post-vacation-anxiety.jpg\" \/>\n\t<meta property=\"og:image:width\" content=\"1200\" \/>\n\t<meta property=\"og:image:height\" content=\"675\" \/>\n\t<meta property=\"og:image:type\" content=\"image\/jpeg\" \/>\n<meta name=\"author\" content=\"Melissa\" \/>\n<meta name=\"twitter:card\" content=\"summary_large_image\" \/>\n<meta name=\"twitter:creator\" content=\"@fuzehr\" \/>\n<meta name=\"twitter:site\" content=\"@fuzehr\" \/>\n<meta name=\"twitter:label1\" content=\"\u00c9crit par\" \/>\n\t<meta name=\"twitter:data1\" content=\"Melissa\" \/>\n\t<meta name=\"twitter:label2\" content=\"Dur\u00e9e de lecture estim\u00e9e\" \/>\n\t<meta name=\"twitter:data2\" content=\"4 minutes\" \/>\n<script type=\"application\/ld+json\" class=\"yoast-schema-graph\">{\"@context\":\"https:\/\/schema.org\",\"@graph\":[{\"@type\":\"Article\",\"@id\":\"https:\/\/fuzehr.com\/fr\/candidats\/ce-quil-faut-faire-pour-eviter-lanxiete-du-retour-au-travail-apres-les-vacances\/#article\",\"isPartOf\":{\"@id\":\"https:\/\/fuzehr.com\/fr\/candidats\/ce-quil-faut-faire-pour-eviter-lanxiete-du-retour-au-travail-apres-les-vacances\/\"},\"author\":{\"name\":\"Melissa\",\"@id\":\"https:\/\/fuzehr.com\/fr\/#\/schema\/person\/a6964a8889f0626bd87cae7134ff198c\"},\"headline\":\"Ce qu&rsquo;il faut faire pour \u00e9viter l&rsquo;anxi\u00e9t\u00e9 du retour au travail apr\u00e8s les vacances\",\"datePublished\":\"2023-07-20T20:01:44+00:00\",\"dateModified\":\"2024-01-31T21:20:06+00:00\",\"mainEntityOfPage\":{\"@id\":\"https:\/\/fuzehr.com\/fr\/candidats\/ce-quil-faut-faire-pour-eviter-lanxiete-du-retour-au-travail-apres-les-vacances\/\"},\"wordCount\":739,\"publisher\":{\"@id\":\"https:\/\/fuzehr.com\/fr\/#organization\"},\"image\":{\"@id\":\"https:\/\/fuzehr.com\/fr\/candidats\/ce-quil-faut-faire-pour-eviter-lanxiete-du-retour-au-travail-apres-les-vacances\/#primaryimage\"},\"thumbnailUrl\":\"https:\/\/fuzehr.com\/wp-content\/uploads\/post-vacation-anxiety.jpg\",\"keywords\":[\"health and workplace\",\"mental health\",\"productivity\"],\"articleSection\":[\"Candidats\",\"conseils de carri\u00e8re\",\"Employeurs\"],\"inLanguage\":\"fr-FR\"},{\"@type\":\"WebPage\",\"@id\":\"https:\/\/fuzehr.com\/fr\/candidats\/ce-quil-faut-faire-pour-eviter-lanxiete-du-retour-au-travail-apres-les-vacances\/\",\"url\":\"https:\/\/fuzehr.com\/fr\/candidats\/ce-quil-faut-faire-pour-eviter-lanxiete-du-retour-au-travail-apres-les-vacances\/\",\"name\":\"Ce qu'il faut faire pour \u00e9viter l'anxi\u00e9t\u00e9 du retour au travail apr\u00e8s les vacances - Fuze HR Solutions\",\"isPartOf\":{\"@id\":\"https:\/\/fuzehr.com\/fr\/#website\"},\"primaryImageOfPage\":{\"@id\":\"https:\/\/fuzehr.com\/fr\/candidats\/ce-quil-faut-faire-pour-eviter-lanxiete-du-retour-au-travail-apres-les-vacances\/#primaryimage\"},\"image\":{\"@id\":\"https:\/\/fuzehr.com\/fr\/candidats\/ce-quil-faut-faire-pour-eviter-lanxiete-du-retour-au-travail-apres-les-vacances\/#primaryimage\"},\"thumbnailUrl\":\"https:\/\/fuzehr.com\/wp-content\/uploads\/post-vacation-anxiety.jpg\",\"datePublished\":\"2023-07-20T20:01:44+00:00\",\"dateModified\":\"2024-01-31T21:20:06+00:00\",\"description\":\"Vous partez en vacances et vous voulez \u00e9viter la d\u00e9prime de l'apr\u00e8s-vacances ? Voici quelques conseils pour votre retour au travail.\",\"breadcrumb\":{\"@id\":\"https:\/\/fuzehr.com\/fr\/candidats\/ce-quil-faut-faire-pour-eviter-lanxiete-du-retour-au-travail-apres-les-vacances\/#breadcrumb\"},\"inLanguage\":\"fr-FR\",\"potentialAction\":[{\"@type\":\"ReadAction\",\"target\":[\"https:\/\/fuzehr.com\/fr\/candidats\/ce-quil-faut-faire-pour-eviter-lanxiete-du-retour-au-travail-apres-les-vacances\/\"]}]},{\"@type\":\"ImageObject\",\"inLanguage\":\"fr-FR\",\"@id\":\"https:\/\/fuzehr.com\/fr\/candidats\/ce-quil-faut-faire-pour-eviter-lanxiete-du-retour-au-travail-apres-les-vacances\/#primaryimage\",\"url\":\"https:\/\/fuzehr.com\/wp-content\/uploads\/post-vacation-anxiety.jpg\",\"contentUrl\":\"https:\/\/fuzehr.com\/wp-content\/uploads\/post-vacation-anxiety.jpg\",\"width\":1200,\"height\":675},{\"@type\":\"BreadcrumbList\",\"@id\":\"https:\/\/fuzehr.com\/fr\/candidats\/ce-quil-faut-faire-pour-eviter-lanxiete-du-retour-au-travail-apres-les-vacances\/#breadcrumb\",\"itemListElement\":[{\"@type\":\"ListItem\",\"position\":1,\"name\":\"Home\",\"item\":\"https:\/\/fuzehr.com\/fr\/\"},{\"@type\":\"ListItem\",\"position\":2,\"name\":\"Ce qu&#8217;il faut faire pour \u00e9viter l&#8217;anxi\u00e9t\u00e9 du retour au travail apr\u00e8s les vacances\"}]},{\"@type\":\"WebSite\",\"@id\":\"https:\/\/fuzehr.com\/fr\/#website\",\"url\":\"https:\/\/fuzehr.com\/fr\/\",\"name\":\"Fuze HR Solutions\",\"description\":\"Staffing &amp; Recruitment Agency | Temporary &amp; Permanent Jobs\",\"publisher\":{\"@id\":\"https:\/\/fuzehr.com\/fr\/#organization\"},\"potentialAction\":[{\"@type\":\"SearchAction\",\"target\":{\"@type\":\"EntryPoint\",\"urlTemplate\":\"https:\/\/fuzehr.com\/fr\/?s={search_term_string}\"},\"query-input\":{\"@type\":\"PropertyValueSpecification\",\"valueRequired\":true,\"valueName\":\"search_term_string\"}}],\"inLanguage\":\"fr-FR\"},{\"@type\":\"Organization\",\"@id\":\"https:\/\/fuzehr.com\/fr\/#organization\",\"name\":\"Fuze HR Solutions Inc.\",\"url\":\"https:\/\/fuzehr.com\/fr\/\",\"logo\":{\"@type\":\"ImageObject\",\"inLanguage\":\"fr-FR\",\"@id\":\"https:\/\/fuzehr.com\/fr\/#\/schema\/logo\/image\/\",\"url\":\"https:\/\/fuzehr.com\/wp-content\/uploads\/logo.png\",\"contentUrl\":\"https:\/\/fuzehr.com\/wp-content\/uploads\/logo.png\",\"width\":512,\"height\":512,\"caption\":\"Fuze HR Solutions Inc.\"},\"image\":{\"@id\":\"https:\/\/fuzehr.com\/fr\/#\/schema\/logo\/image\/\"},\"sameAs\":[\"https:\/\/x.com\/fuzehr\",\"https:\/\/www.linkedin.com\/company\/fuzehrsolutions\"]},{\"@type\":\"Person\",\"@id\":\"https:\/\/fuzehr.com\/fr\/#\/schema\/person\/a6964a8889f0626bd87cae7134ff198c\",\"name\":\"Melissa\",\"sameAs\":[\"https:\/\/fuzehr.com\"],\"url\":\"https:\/\/fuzehr.com\/fr\/author\/melissa-chu\/\"}]}<\/script>\n<!-- \/ Yoast SEO plugin. -->","yoast_head_json":{"title":"Ce qu'il faut faire pour \u00e9viter l'anxi\u00e9t\u00e9 du retour au travail apr\u00e8s les vacances - Fuze HR Solutions","description":"Vous partez en vacances et vous voulez \u00e9viter la d\u00e9prime de l'apr\u00e8s-vacances ? Voici quelques conseils pour votre retour au travail.","robots":{"index":"index","follow":"follow","max-snippet":"max-snippet:-1","max-image-preview":"max-image-preview:large","max-video-preview":"max-video-preview:-1"},"canonical":"https:\/\/fuzehr.com\/fr\/candidats\/ce-quil-faut-faire-pour-eviter-lanxiete-du-retour-au-travail-apres-les-vacances\/","og_locale":"fr_FR","og_type":"article","og_title":"Ce qu'il faut faire pour \u00e9viter l'anxi\u00e9t\u00e9 du retour au travail apr\u00e8s les vacances - Fuze HR Solutions","og_description":"Vous partez en vacances et vous voulez \u00e9viter la d\u00e9prime de l'apr\u00e8s-vacances ? Voici quelques conseils pour votre retour au travail.","og_url":"https:\/\/fuzehr.com\/fr\/candidats\/ce-quil-faut-faire-pour-eviter-lanxiete-du-retour-au-travail-apres-les-vacances\/","og_site_name":"Fuze HR Solutions","article_published_time":"2023-07-20T20:01:44+00:00","article_modified_time":"2024-01-31T21:20:06+00:00","og_image":[{"width":1200,"height":675,"url":"https:\/\/fuzehr.com\/wp-content\/uploads\/post-vacation-anxiety.jpg","type":"image\/jpeg"}],"author":"Melissa","twitter_card":"summary_large_image","twitter_creator":"@fuzehr","twitter_site":"@fuzehr","twitter_misc":{"\u00c9crit par":"Melissa","Dur\u00e9e de lecture estim\u00e9e":"4 minutes"},"schema":{"@context":"https:\/\/schema.org","@graph":[{"@type":"Article","@id":"https:\/\/fuzehr.com\/fr\/candidats\/ce-quil-faut-faire-pour-eviter-lanxiete-du-retour-au-travail-apres-les-vacances\/#article","isPartOf":{"@id":"https:\/\/fuzehr.com\/fr\/candidats\/ce-quil-faut-faire-pour-eviter-lanxiete-du-retour-au-travail-apres-les-vacances\/"},"author":{"name":"Melissa","@id":"https:\/\/fuzehr.com\/fr\/#\/schema\/person\/a6964a8889f0626bd87cae7134ff198c"},"headline":"Ce qu&rsquo;il faut faire pour \u00e9viter l&rsquo;anxi\u00e9t\u00e9 du retour au travail apr\u00e8s les vacances","datePublished":"2023-07-20T20:01:44+00:00","dateModified":"2024-01-31T21:20:06+00:00","mainEntityOfPage":{"@id":"https:\/\/fuzehr.com\/fr\/candidats\/ce-quil-faut-faire-pour-eviter-lanxiete-du-retour-au-travail-apres-les-vacances\/"},"wordCount":739,"publisher":{"@id":"https:\/\/fuzehr.com\/fr\/#organization"},"image":{"@id":"https:\/\/fuzehr.com\/fr\/candidats\/ce-quil-faut-faire-pour-eviter-lanxiete-du-retour-au-travail-apres-les-vacances\/#primaryimage"},"thumbnailUrl":"https:\/\/fuzehr.com\/wp-content\/uploads\/post-vacation-anxiety.jpg","keywords":["health and workplace","mental health","productivity"],"articleSection":["Candidats","conseils de carri\u00e8re","Employeurs"],"inLanguage":"fr-FR"},{"@type":"WebPage","@id":"https:\/\/fuzehr.com\/fr\/candidats\/ce-quil-faut-faire-pour-eviter-lanxiete-du-retour-au-travail-apres-les-vacances\/","url":"https:\/\/fuzehr.com\/fr\/candidats\/ce-quil-faut-faire-pour-eviter-lanxiete-du-retour-au-travail-apres-les-vacances\/","name":"Ce qu'il faut faire pour \u00e9viter l'anxi\u00e9t\u00e9 du retour au travail apr\u00e8s les vacances - Fuze HR Solutions","isPartOf":{"@id":"https:\/\/fuzehr.com\/fr\/#website"},"primaryImageOfPage":{"@id":"https:\/\/fuzehr.com\/fr\/candidats\/ce-quil-faut-faire-pour-eviter-lanxiete-du-retour-au-travail-apres-les-vacances\/#primaryimage"},"image":{"@id":"https:\/\/fuzehr.com\/fr\/candidats\/ce-quil-faut-faire-pour-eviter-lanxiete-du-retour-au-travail-apres-les-vacances\/#primaryimage"},"thumbnailUrl":"https:\/\/fuzehr.com\/wp-content\/uploads\/post-vacation-anxiety.jpg","datePublished":"2023-07-20T20:01:44+00:00","dateModified":"2024-01-31T21:20:06+00:00","description":"Vous partez en vacances et vous voulez \u00e9viter la d\u00e9prime de l'apr\u00e8s-vacances ? Voici quelques conseils pour votre retour au travail.","breadcrumb":{"@id":"https:\/\/fuzehr.com\/fr\/candidats\/ce-quil-faut-faire-pour-eviter-lanxiete-du-retour-au-travail-apres-les-vacances\/#breadcrumb"},"inLanguage":"fr-FR","potentialAction":[{"@type":"ReadAction","target":["https:\/\/fuzehr.com\/fr\/candidats\/ce-quil-faut-faire-pour-eviter-lanxiete-du-retour-au-travail-apres-les-vacances\/"]}]},{"@type":"ImageObject","inLanguage":"fr-FR","@id":"https:\/\/fuzehr.com\/fr\/candidats\/ce-quil-faut-faire-pour-eviter-lanxiete-du-retour-au-travail-apres-les-vacances\/#primaryimage","url":"https:\/\/fuzehr.com\/wp-content\/uploads\/post-vacation-anxiety.jpg","contentUrl":"https:\/\/fuzehr.com\/wp-content\/uploads\/post-vacation-anxiety.jpg","width":1200,"height":675},{"@type":"BreadcrumbList","@id":"https:\/\/fuzehr.com\/fr\/candidats\/ce-quil-faut-faire-pour-eviter-lanxiete-du-retour-au-travail-apres-les-vacances\/#breadcrumb","itemListElement":[{"@type":"ListItem","position":1,"name":"Home","item":"https:\/\/fuzehr.com\/fr\/"},{"@type":"ListItem","position":2,"name":"Ce qu&#8217;il faut faire pour \u00e9viter l&#8217;anxi\u00e9t\u00e9 du retour au travail apr\u00e8s les vacances"}]},{"@type":"WebSite","@id":"https:\/\/fuzehr.com\/fr\/#website","url":"https:\/\/fuzehr.com\/fr\/","name":"Fuze HR Solutions","description":"Staffing &amp; Recruitment Agency | Temporary &amp; Permanent Jobs","publisher":{"@id":"https:\/\/fuzehr.com\/fr\/#organization"},"potentialAction":[{"@type":"SearchAction","target":{"@type":"EntryPoint","urlTemplate":"https:\/\/fuzehr.com\/fr\/?s={search_term_string}"},"query-input":{"@type":"PropertyValueSpecification","valueRequired":true,"valueName":"search_term_string"}}],"inLanguage":"fr-FR"},{"@type":"Organization","@id":"https:\/\/fuzehr.com\/fr\/#organization","name":"Fuze HR Solutions Inc.","url":"https:\/\/fuzehr.com\/fr\/","logo":{"@type":"ImageObject","inLanguage":"fr-FR","@id":"https:\/\/fuzehr.com\/fr\/#\/schema\/logo\/image\/","url":"https:\/\/fuzehr.com\/wp-content\/uploads\/logo.png","contentUrl":"https:\/\/fuzehr.com\/wp-content\/uploads\/logo.png","width":512,"height":512,"caption":"Fuze HR Solutions Inc."},"image":{"@id":"https:\/\/fuzehr.com\/fr\/#\/schema\/logo\/image\/"},"sameAs":["https:\/\/x.com\/fuzehr","https:\/\/www.linkedin.com\/company\/fuzehrsolutions"]},{"@type":"Person","@id":"https:\/\/fuzehr.com\/fr\/#\/schema\/person\/a6964a8889f0626bd87cae7134ff198c","name":"Melissa","sameAs":["https:\/\/fuzehr.com"],"url":"https:\/\/fuzehr.com\/fr\/author\/melissa-chu\/"}]}},"_links":{"self":[{"href":"https:\/\/fuzehr.com\/fr\/wp-json\/wp\/v2\/posts\/546040"}],"collection":[{"href":"https:\/\/fuzehr.com\/fr\/wp-json\/wp\/v2\/posts"}],"about":[{"href":"https:\/\/fuzehr.com\/fr\/wp-json\/wp\/v2\/types\/post"}],"author":[{"embeddable":true,"href":"https:\/\/fuzehr.com\/fr\/wp-json\/wp\/v2\/users\/3"}],"replies":[{"embeddable":true,"href":"https:\/\/fuzehr.com\/fr\/wp-json\/wp\/v2\/comments?post=546040"}],"version-history":[{"count":5,"href":"https:\/\/fuzehr.com\/fr\/wp-json\/wp\/v2\/posts\/546040\/revisions"}],"predecessor-version":[{"id":546071,"href":"https:\/\/fuzehr.com\/fr\/wp-json\/wp\/v2\/posts\/546040\/revisions\/546071"}],"wp:featuredmedia":[{"embeddable":true,"href":"https:\/\/fuzehr.com\/fr\/wp-json\/wp\/v2\/media\/545850"}],"wp:attachment":[{"href":"https:\/\/fuzehr.com\/fr\/wp-json\/wp\/v2\/media?parent=546040"}],"wp:term":[{"taxonomy":"category","embeddable":true,"href":"https:\/\/fuzehr.com\/fr\/wp-json\/wp\/v2\/categories?post=546040"},{"taxonomy":"post_tag","embeddable":true,"href":"https:\/\/fuzehr.com\/fr\/wp-json\/wp\/v2\/tags?post=546040"}],"curies":[{"name":"wp","href":"https:\/\/api.w.org\/{rel}","templated":true}]}}