{"id":536228,"date":"2023-01-30T15:42:30","date_gmt":"2023-01-30T20:42:30","guid":{"rendered":"https:\/\/fuzehr.com\/?p=536228"},"modified":"2024-01-31T16:20:09","modified_gmt":"2024-01-31T21:20:09","slug":"faut-il-ajouter-une-interruption-de-carriere-dans-son-cv","status":"publish","type":"post","link":"https:\/\/fuzehr.com\/fr\/candidats\/faut-il-ajouter-une-interruption-de-carriere-dans-son-cv\/","title":{"rendered":"Faut-il ajouter une interruption de carri\u00e8re dans son CV ?"},"content":{"rendered":"\t\t<div data-elementor-type=\"wp-post\" data-elementor-id=\"536228\" class=\"elementor elementor-536228 elementor-536196\">\n\t\t\t\t\t\t<div class=\"elementor-inner\">\n\t\t\t\t<div class=\"elementor-section-wrap\">\n\t\t\t\t\t\t\t\t\t<section class=\"elementor-section elementor-top-section elementor-element elementor-element-90fd0a4 elementor-section-boxed elementor-section-height-default elementor-section-height-default\" data-id=\"90fd0a4\" data-element_type=\"section\">\n\t\t\t\t\t\t<div class=\"elementor-container elementor-column-gap-default\">\n\t\t\t\t\t\t\t<div class=\"elementor-row\">\n\t\t\t\t\t<div class=\"elementor-column elementor-col-100 elementor-top-column elementor-element elementor-element-89c3b7b\" data-id=\"89c3b7b\" data-element_type=\"column\">\n\t\t\t<div class=\"elementor-column-wrap elementor-element-populated\">\n\t\t\t\t\t\t\t<div class=\"elementor-widget-wrap\">\n\t\t\t\t\t\t<div class=\"elementor-element elementor-element-20e189b elementor-widget elementor-widget-text-editor\" data-id=\"20e189b\" data-element_type=\"widget\" data-widget_type=\"text-editor.default\">\n\t\t\t\t<div class=\"elementor-widget-container\">\n\t\t\t\t\t\t\t\t<div class=\"elementor-text-editor elementor-clearfix\">\n\t\t\t\t<p>Si vous avez pris une longue absence, oui, vous devez absolument ajouter une interruption de carri\u00e8re dans votre CV. LinkedIn a d\u00e9j\u00e0 introduit cette mise \u00e0 jour pour permettre aux gens d&rsquo;ajouter des interruptions de carri\u00e8re dans leur section d&rsquo;exp\u00e9rience. L&rsquo;interruption de carri\u00e8re permettra aux employeurs et aux recruteurs de savoir \u00e0 quoi correspondait cette interruption.<\/p><h4>Pourquoi devez-vous expliquer l&rsquo;interruption de carri\u00e8re ?<\/h4><p>Si vous avez une interruption de carri\u00e8re, il est recommand\u00e9 d&rsquo;en parler dans votre section d&rsquo;exp\u00e9rience, car cela pr\u00e9sente des avantages pour votre recherche d&#8217;emploi :<\/p><ul><li><b>Donne au responsable du recrutement votre point de vue unique sur votre parcours professionnel :<\/b> Les opinions sur les \u00e9carts d&#8217;emploi ont chang\u00e9 ces derni\u00e8res ann\u00e9es. Les employeurs et les recruteurs comprennent que le parcours professionnel de chacun est diff\u00e9rent et qu&rsquo;il n&rsquo;est pas toujours lin\u00e9aire. Le fait d&rsquo;aborder votre interruption de carri\u00e8re aidera le responsable du recrutement \u00e0 comprendre votre point de vue sur cette interruption et \u00e0 se plonger dans votre profil pour en savoir plus.<\/li><li><b>Arr\u00eatez les suppositions : <\/b>Certains gestionnaires d&#8217;embauche et employeurs consid\u00e8rent encore une interruption de carri\u00e8re comme un aspect n\u00e9gatif du CV d&rsquo;une personne lorsqu&rsquo;elle n&rsquo;est pas abord\u00e9e. Mais le fait de partager une explication sur votre interruption de carri\u00e8re vous permettra de l&rsquo;expliquer sous un angle positif.<\/li><li><b>Permettez de faire la lumi\u00e8re sur de nouvelles comp\u00e9tences : <\/b>Tout en abordant votre interruption de carri\u00e8re, il est recommand\u00e9 de parler des nouvelles comp\u00e9tences ou exp\u00e9riences que vous avez acquises pendant votre cong\u00e9. En fin de compte, chaque candidat a besoin de se diff\u00e9rencier, alors profitez de cette interruption pour vous rendre unique !<\/li><\/ul><h4>Comment aborder votre interruption de carri\u00e8re ?<\/h4><ul><li><b>La transparence est la cl\u00e9 : <\/b>vous n&rsquo;\u00eates pas oblig\u00e9 de partager tous les d\u00e9tails de votre cong\u00e9, mais soyez aussi sinc\u00e8re que possible. Pensez \u00e0 la fa\u00e7on dont ce cong\u00e9 vous a aid\u00e9 \u00e0 vous d\u00e9velopper professionnellement. Il peut apporter une grande valeur \u00e0 l&#8217;employeur.<\/li><li><b>Mentionnez votre interruption de carri\u00e8re dans votre introduction :<\/b> Les recruteurs et les responsables du recrutement passent en moyenne 7 secondes sur chaque CV. Si vous voulez attirer leur attention et leur donner une raison de plonger plus profond\u00e9ment dans la section de votre exp\u00e9rience, il est pr\u00e9f\u00e9rable de mentionner que vous avez pris une interruption de carri\u00e8re &#8211; mais cela ne fonctionne que si vous postulez \u00e0 des emplois juste apr\u00e8s votre interruption.<\/li><li><b>Mentionnez votre interruption de carri\u00e8re comme une ann\u00e9e sabbatique : <\/b>Mentionnez l&rsquo;ann\u00e9e sabbatique dans votre historique d&#8217;emploi. C&rsquo;est un excellent moyen de mettre en \u00e9vidence votre parcours professionnel dans l&rsquo;ordre chronologique. Pendant que vous \u00e9num\u00e9rez l&rsquo;interruption d&#8217;emploi, vous pouvez d\u00e9crire les comp\u00e9tences que vous avez acquises, les projets et le travail en freelance que vous avez effectu\u00e9 pendant cette p\u00e9riode. Vous montrerez ainsi \u00e0 l&#8217;employeur que, pendant votre absence, vous avez continu\u00e9 \u00e0 \u00e9voluer professionnellement.<\/li><\/ul>\t\t\t\t\t<\/div>\n\t\t\t\t\t\t<\/div>\n\t\t\t\t<\/div>\n\t\t\t\t<section class=\"elementor-section elementor-inner-section elementor-element elementor-element-526fa4b elementor-section-boxed elementor-section-height-default elementor-section-height-default\" data-id=\"526fa4b\" data-element_type=\"section\">\n\t\t\t\t\t\t<div class=\"elementor-container elementor-column-gap-default\">\n\t\t\t\t\t\t\t<div class=\"elementor-row\">\n\t\t\t\t\t<div class=\"elementor-column elementor-col-50 elementor-inner-column elementor-element elementor-element-04fe64a\" data-id=\"04fe64a\" data-element_type=\"column\">\n\t\t\t<div class=\"elementor-column-wrap elementor-element-populated\">\n\t\t\t\t\t\t\t<div class=\"elementor-widget-wrap\">\n\t\t\t\t\t\t<div class=\"elementor-element elementor-element-4338e87 elementor-widget elementor-widget-heading\" data-id=\"4338e87\" data-element_type=\"widget\" data-widget_type=\"heading.default\">\n\t\t\t\t<div class=\"elementor-widget-container\">\n\t\t\t<h5 class=\"elementor-heading-title elementor-size-default\">Comment ajouter une interruption de carri\u00e8re dans votre profil LinkedIn ?<\/h5>\t\t<\/div>\n\t\t\t\t<\/div>\n\t\t\t\t\t\t<\/div>\n\t\t\t\t\t<\/div>\n\t\t<\/div>\n\t\t\t\t<div class=\"elementor-column elementor-col-50 elementor-inner-column elementor-element elementor-element-c5f8121\" data-id=\"c5f8121\" data-element_type=\"column\">\n\t\t\t<div class=\"elementor-column-wrap elementor-element-populated\">\n\t\t\t\t\t\t\t<div class=\"elementor-widget-wrap\">\n\t\t\t\t\t\t<div class=\"elementor-element elementor-element-2befb17 elementor-align-right elementor-widget elementor-widget-button\" data-id=\"2befb17\" data-element_type=\"widget\" data-widget_type=\"button.default\">\n\t\t\t\t<div class=\"elementor-widget-container\">\n\t\t\t\t\t<div class=\"elementor-button-wrapper\">\n\t\t\t<a href=\"https:\/\/fuzehr.com\/job-seekers\/you-can-now-add-career-breaks-to-your-linkedin-profile\/\" class=\"elementor-button-link elementor-button elementor-size-sm\" role=\"button\">\n\t\t\t\t\t\t<span class=\"elementor-button-content-wrapper\">\n\t\t\t\t\t\t<span class=\"elementor-button-text\">D\u00e9couvrez ici<\/span>\n\t\t<\/span>\n\t\t\t\t\t<\/a>\n\t\t<\/div>\n\t\t\t\t<\/div>\n\t\t\t\t<\/div>\n\t\t\t\t\t\t<\/div>\n\t\t\t\t\t<\/div>\n\t\t<\/div>\n\t\t\t\t\t\t\t\t<\/div>\n\t\t\t\t\t<\/div>\n\t\t<\/section>\n\t\t\t\t\t\t<\/div>\n\t\t\t\t\t<\/div>\n\t\t<\/div>\n\t\t\t\t\t\t\t\t<\/div>\n\t\t\t\t\t<\/div>\n\t\t<\/section>\n\t\t\t\t\t\t\t\t\t<\/div>\n\t\t\t<\/div>\n\t\t\t\t\t<\/div>\n\t\t","protected":false},"excerpt":{"rendered":"<p>Si vous avez pris une longue absence, oui, vous devez absolument ajouter une interruption de carri\u00e8re dans votre CV. LinkedIn a d\u00e9j\u00e0 introduit cette mise \u00e0 jour pour permettre aux gens d&rsquo;ajouter des interruptions de carri\u00e8re dans leur section d&rsquo;exp\u00e9rience. L&rsquo;interruption de carri\u00e8re permettra aux employeurs et aux recruteurs de savoir \u00e0 quoi correspondait cette [&hellip;]<\/p>\n","protected":false},"author":3,"featured_media":536217,"comment_status":"closed","ping_status":"closed","sticky":false,"template":"","format":"standard","meta":{"footnotes":""},"categories":[792],"tags":[],"yoast_head":"<!-- This site is optimized with the Yoast SEO plugin v23.5 - https:\/\/yoast.com\/wordpress\/plugins\/seo\/ -->\n<title>Faut-il ajouter une interruption de carri\u00e8re dans son CV ? - Fuze HR Solutions<\/title>\n<meta name=\"robots\" content=\"index, follow, max-snippet:-1, max-image-preview:large, max-video-preview:-1\" \/>\n<link rel=\"canonical\" href=\"https:\/\/fuzehr.com\/fr\/candidats\/faut-il-ajouter-une-interruption-de-carriere-dans-son-cv\/\" \/>\n<meta property=\"og:locale\" content=\"fr_FR\" \/>\n<meta property=\"og:type\" content=\"article\" \/>\n<meta property=\"og:title\" content=\"Faut-il ajouter une interruption de carri\u00e8re dans son CV ? - Fuze HR Solutions\" \/>\n<meta property=\"og:description\" content=\"Si vous avez pris une longue absence, oui, vous devez absolument ajouter une interruption de carri\u00e8re dans votre CV. LinkedIn a d\u00e9j\u00e0 introduit cette mise \u00e0 jour pour permettre aux gens d&rsquo;ajouter des interruptions de carri\u00e8re dans leur section d&rsquo;exp\u00e9rience. L&rsquo;interruption de carri\u00e8re permettra aux employeurs et aux recruteurs de savoir \u00e0 quoi correspondait cette [&hellip;]\" \/>\n<meta property=\"og:url\" content=\"https:\/\/fuzehr.com\/fr\/candidats\/faut-il-ajouter-une-interruption-de-carriere-dans-son-cv\/\" \/>\n<meta property=\"og:site_name\" content=\"Fuze HR Solutions\" \/>\n<meta property=\"article:published_time\" content=\"2023-01-30T20:42:30+00:00\" \/>\n<meta property=\"article:modified_time\" content=\"2024-01-31T21:20:09+00:00\" \/>\n<meta property=\"og:image\" content=\"https:\/\/fuzehr.com\/wp-content\/uploads\/career-break-in-your-cv-resume.jpg\" \/>\n\t<meta property=\"og:image:width\" content=\"1000\" \/>\n\t<meta property=\"og:image:height\" content=\"667\" \/>\n\t<meta property=\"og:image:type\" content=\"image\/jpeg\" \/>\n<meta name=\"author\" content=\"Melissa\" \/>\n<meta name=\"twitter:card\" content=\"summary_large_image\" \/>\n<meta name=\"twitter:creator\" content=\"@fuzehr\" \/>\n<meta name=\"twitter:site\" content=\"@fuzehr\" \/>\n<meta name=\"twitter:label1\" content=\"\u00c9crit par\" \/>\n\t<meta name=\"twitter:data1\" content=\"Melissa\" \/>\n\t<meta name=\"twitter:label2\" content=\"Dur\u00e9e de lecture estim\u00e9e\" \/>\n\t<meta name=\"twitter:data2\" content=\"3 minutes\" \/>\n<script type=\"application\/ld+json\" class=\"yoast-schema-graph\">{\"@context\":\"https:\/\/schema.org\",\"@graph\":[{\"@type\":\"Article\",\"@id\":\"https:\/\/fuzehr.com\/fr\/candidats\/faut-il-ajouter-une-interruption-de-carriere-dans-son-cv\/#article\",\"isPartOf\":{\"@id\":\"https:\/\/fuzehr.com\/fr\/candidats\/faut-il-ajouter-une-interruption-de-carriere-dans-son-cv\/\"},\"author\":{\"name\":\"Melissa\",\"@id\":\"https:\/\/fuzehr.com\/fr\/#\/schema\/person\/a6964a8889f0626bd87cae7134ff198c\"},\"headline\":\"Faut-il ajouter une interruption de carri\u00e8re dans son CV ?\",\"datePublished\":\"2023-01-30T20:42:30+00:00\",\"dateModified\":\"2024-01-31T21:20:09+00:00\",\"mainEntityOfPage\":{\"@id\":\"https:\/\/fuzehr.com\/fr\/candidats\/faut-il-ajouter-une-interruption-de-carriere-dans-son-cv\/\"},\"wordCount\":520,\"publisher\":{\"@id\":\"https:\/\/fuzehr.com\/fr\/#organization\"},\"image\":{\"@id\":\"https:\/\/fuzehr.com\/fr\/candidats\/faut-il-ajouter-une-interruption-de-carriere-dans-son-cv\/#primaryimage\"},\"thumbnailUrl\":\"https:\/\/fuzehr.com\/wp-content\/uploads\/career-break-in-your-cv-resume.jpg\",\"articleSection\":[\"Candidats\"],\"inLanguage\":\"fr-FR\"},{\"@type\":\"WebPage\",\"@id\":\"https:\/\/fuzehr.com\/fr\/candidats\/faut-il-ajouter-une-interruption-de-carriere-dans-son-cv\/\",\"url\":\"https:\/\/fuzehr.com\/fr\/candidats\/faut-il-ajouter-une-interruption-de-carriere-dans-son-cv\/\",\"name\":\"Faut-il ajouter une interruption de carri\u00e8re dans son CV ? - Fuze HR Solutions\",\"isPartOf\":{\"@id\":\"https:\/\/fuzehr.com\/fr\/#website\"},\"primaryImageOfPage\":{\"@id\":\"https:\/\/fuzehr.com\/fr\/candidats\/faut-il-ajouter-une-interruption-de-carriere-dans-son-cv\/#primaryimage\"},\"image\":{\"@id\":\"https:\/\/fuzehr.com\/fr\/candidats\/faut-il-ajouter-une-interruption-de-carriere-dans-son-cv\/#primaryimage\"},\"thumbnailUrl\":\"https:\/\/fuzehr.com\/wp-content\/uploads\/career-break-in-your-cv-resume.jpg\",\"datePublished\":\"2023-01-30T20:42:30+00:00\",\"dateModified\":\"2024-01-31T21:20:09+00:00\",\"breadcrumb\":{\"@id\":\"https:\/\/fuzehr.com\/fr\/candidats\/faut-il-ajouter-une-interruption-de-carriere-dans-son-cv\/#breadcrumb\"},\"inLanguage\":\"fr-FR\",\"potentialAction\":[{\"@type\":\"ReadAction\",\"target\":[\"https:\/\/fuzehr.com\/fr\/candidats\/faut-il-ajouter-une-interruption-de-carriere-dans-son-cv\/\"]}]},{\"@type\":\"ImageObject\",\"inLanguage\":\"fr-FR\",\"@id\":\"https:\/\/fuzehr.com\/fr\/candidats\/faut-il-ajouter-une-interruption-de-carriere-dans-son-cv\/#primaryimage\",\"url\":\"https:\/\/fuzehr.com\/wp-content\/uploads\/career-break-in-your-cv-resume.jpg\",\"contentUrl\":\"https:\/\/fuzehr.com\/wp-content\/uploads\/career-break-in-your-cv-resume.jpg\",\"width\":1000,\"height\":667,\"caption\":\"Add a career break in your CV\"},{\"@type\":\"BreadcrumbList\",\"@id\":\"https:\/\/fuzehr.com\/fr\/candidats\/faut-il-ajouter-une-interruption-de-carriere-dans-son-cv\/#breadcrumb\",\"itemListElement\":[{\"@type\":\"ListItem\",\"position\":1,\"name\":\"Home\",\"item\":\"https:\/\/fuzehr.com\/fr\/\"},{\"@type\":\"ListItem\",\"position\":2,\"name\":\"Faut-il ajouter une interruption de carri\u00e8re dans son CV ?\"}]},{\"@type\":\"WebSite\",\"@id\":\"https:\/\/fuzehr.com\/fr\/#website\",\"url\":\"https:\/\/fuzehr.com\/fr\/\",\"name\":\"Fuze HR Solutions\",\"description\":\"Staffing &amp; Recruitment Agency | Temporary &amp; Permanent Jobs\",\"publisher\":{\"@id\":\"https:\/\/fuzehr.com\/fr\/#organization\"},\"potentialAction\":[{\"@type\":\"SearchAction\",\"target\":{\"@type\":\"EntryPoint\",\"urlTemplate\":\"https:\/\/fuzehr.com\/fr\/?s={search_term_string}\"},\"query-input\":{\"@type\":\"PropertyValueSpecification\",\"valueRequired\":true,\"valueName\":\"search_term_string\"}}],\"inLanguage\":\"fr-FR\"},{\"@type\":\"Organization\",\"@id\":\"https:\/\/fuzehr.com\/fr\/#organization\",\"name\":\"Fuze HR Solutions Inc.\",\"url\":\"https:\/\/fuzehr.com\/fr\/\",\"logo\":{\"@type\":\"ImageObject\",\"inLanguage\":\"fr-FR\",\"@id\":\"https:\/\/fuzehr.com\/fr\/#\/schema\/logo\/image\/\",\"url\":\"https:\/\/fuzehr.com\/wp-content\/uploads\/logo.png\",\"contentUrl\":\"https:\/\/fuzehr.com\/wp-content\/uploads\/logo.png\",\"width\":512,\"height\":512,\"caption\":\"Fuze HR Solutions Inc.\"},\"image\":{\"@id\":\"https:\/\/fuzehr.com\/fr\/#\/schema\/logo\/image\/\"},\"sameAs\":[\"https:\/\/x.com\/fuzehr\",\"https:\/\/www.linkedin.com\/company\/fuzehrsolutions\"]},{\"@type\":\"Person\",\"@id\":\"https:\/\/fuzehr.com\/fr\/#\/schema\/person\/a6964a8889f0626bd87cae7134ff198c\",\"name\":\"Melissa\",\"sameAs\":[\"https:\/\/fuzehr.com\"],\"url\":\"https:\/\/fuzehr.com\/fr\/author\/melissa-chu\/\"}]}<\/script>\n<!-- \/ Yoast SEO plugin. -->","yoast_head_json":{"title":"Faut-il ajouter une interruption de carri\u00e8re dans son CV ? - Fuze HR Solutions","robots":{"index":"index","follow":"follow","max-snippet":"max-snippet:-1","max-image-preview":"max-image-preview:large","max-video-preview":"max-video-preview:-1"},"canonical":"https:\/\/fuzehr.com\/fr\/candidats\/faut-il-ajouter-une-interruption-de-carriere-dans-son-cv\/","og_locale":"fr_FR","og_type":"article","og_title":"Faut-il ajouter une interruption de carri\u00e8re dans son CV ? - Fuze HR Solutions","og_description":"Si vous avez pris une longue absence, oui, vous devez absolument ajouter une interruption de carri\u00e8re dans votre CV. LinkedIn a d\u00e9j\u00e0 introduit cette mise \u00e0 jour pour permettre aux gens d&rsquo;ajouter des interruptions de carri\u00e8re dans leur section d&rsquo;exp\u00e9rience. L&rsquo;interruption de carri\u00e8re permettra aux employeurs et aux recruteurs de savoir \u00e0 quoi correspondait cette [&hellip;]","og_url":"https:\/\/fuzehr.com\/fr\/candidats\/faut-il-ajouter-une-interruption-de-carriere-dans-son-cv\/","og_site_name":"Fuze HR Solutions","article_published_time":"2023-01-30T20:42:30+00:00","article_modified_time":"2024-01-31T21:20:09+00:00","og_image":[{"width":1000,"height":667,"url":"https:\/\/fuzehr.com\/wp-content\/uploads\/career-break-in-your-cv-resume.jpg","type":"image\/jpeg"}],"author":"Melissa","twitter_card":"summary_large_image","twitter_creator":"@fuzehr","twitter_site":"@fuzehr","twitter_misc":{"\u00c9crit par":"Melissa","Dur\u00e9e de lecture estim\u00e9e":"3 minutes"},"schema":{"@context":"https:\/\/schema.org","@graph":[{"@type":"Article","@id":"https:\/\/fuzehr.com\/fr\/candidats\/faut-il-ajouter-une-interruption-de-carriere-dans-son-cv\/#article","isPartOf":{"@id":"https:\/\/fuzehr.com\/fr\/candidats\/faut-il-ajouter-une-interruption-de-carriere-dans-son-cv\/"},"author":{"name":"Melissa","@id":"https:\/\/fuzehr.com\/fr\/#\/schema\/person\/a6964a8889f0626bd87cae7134ff198c"},"headline":"Faut-il ajouter une interruption de carri\u00e8re dans son CV ?","datePublished":"2023-01-30T20:42:30+00:00","dateModified":"2024-01-31T21:20:09+00:00","mainEntityOfPage":{"@id":"https:\/\/fuzehr.com\/fr\/candidats\/faut-il-ajouter-une-interruption-de-carriere-dans-son-cv\/"},"wordCount":520,"publisher":{"@id":"https:\/\/fuzehr.com\/fr\/#organization"},"image":{"@id":"https:\/\/fuzehr.com\/fr\/candidats\/faut-il-ajouter-une-interruption-de-carriere-dans-son-cv\/#primaryimage"},"thumbnailUrl":"https:\/\/fuzehr.com\/wp-content\/uploads\/career-break-in-your-cv-resume.jpg","articleSection":["Candidats"],"inLanguage":"fr-FR"},{"@type":"WebPage","@id":"https:\/\/fuzehr.com\/fr\/candidats\/faut-il-ajouter-une-interruption-de-carriere-dans-son-cv\/","url":"https:\/\/fuzehr.com\/fr\/candidats\/faut-il-ajouter-une-interruption-de-carriere-dans-son-cv\/","name":"Faut-il ajouter une interruption de carri\u00e8re dans son CV ? - Fuze HR Solutions","isPartOf":{"@id":"https:\/\/fuzehr.com\/fr\/#website"},"primaryImageOfPage":{"@id":"https:\/\/fuzehr.com\/fr\/candidats\/faut-il-ajouter-une-interruption-de-carriere-dans-son-cv\/#primaryimage"},"image":{"@id":"https:\/\/fuzehr.com\/fr\/candidats\/faut-il-ajouter-une-interruption-de-carriere-dans-son-cv\/#primaryimage"},"thumbnailUrl":"https:\/\/fuzehr.com\/wp-content\/uploads\/career-break-in-your-cv-resume.jpg","datePublished":"2023-01-30T20:42:30+00:00","dateModified":"2024-01-31T21:20:09+00:00","breadcrumb":{"@id":"https:\/\/fuzehr.com\/fr\/candidats\/faut-il-ajouter-une-interruption-de-carriere-dans-son-cv\/#breadcrumb"},"inLanguage":"fr-FR","potentialAction":[{"@type":"ReadAction","target":["https:\/\/fuzehr.com\/fr\/candidats\/faut-il-ajouter-une-interruption-de-carriere-dans-son-cv\/"]}]},{"@type":"ImageObject","inLanguage":"fr-FR","@id":"https:\/\/fuzehr.com\/fr\/candidats\/faut-il-ajouter-une-interruption-de-carriere-dans-son-cv\/#primaryimage","url":"https:\/\/fuzehr.com\/wp-content\/uploads\/career-break-in-your-cv-resume.jpg","contentUrl":"https:\/\/fuzehr.com\/wp-content\/uploads\/career-break-in-your-cv-resume.jpg","width":1000,"height":667,"caption":"Add a career break in your CV"},{"@type":"BreadcrumbList","@id":"https:\/\/fuzehr.com\/fr\/candidats\/faut-il-ajouter-une-interruption-de-carriere-dans-son-cv\/#breadcrumb","itemListElement":[{"@type":"ListItem","position":1,"name":"Home","item":"https:\/\/fuzehr.com\/fr\/"},{"@type":"ListItem","position":2,"name":"Faut-il ajouter une interruption de carri\u00e8re dans son CV ?"}]},{"@type":"WebSite","@id":"https:\/\/fuzehr.com\/fr\/#website","url":"https:\/\/fuzehr.com\/fr\/","name":"Fuze HR Solutions","description":"Staffing &amp; Recruitment Agency | Temporary &amp; Permanent Jobs","publisher":{"@id":"https:\/\/fuzehr.com\/fr\/#organization"},"potentialAction":[{"@type":"SearchAction","target":{"@type":"EntryPoint","urlTemplate":"https:\/\/fuzehr.com\/fr\/?s={search_term_string}"},"query-input":{"@type":"PropertyValueSpecification","valueRequired":true,"valueName":"search_term_string"}}],"inLanguage":"fr-FR"},{"@type":"Organization","@id":"https:\/\/fuzehr.com\/fr\/#organization","name":"Fuze HR Solutions Inc.","url":"https:\/\/fuzehr.com\/fr\/","logo":{"@type":"ImageObject","inLanguage":"fr-FR","@id":"https:\/\/fuzehr.com\/fr\/#\/schema\/logo\/image\/","url":"https:\/\/fuzehr.com\/wp-content\/uploads\/logo.png","contentUrl":"https:\/\/fuzehr.com\/wp-content\/uploads\/logo.png","width":512,"height":512,"caption":"Fuze HR Solutions Inc."},"image":{"@id":"https:\/\/fuzehr.com\/fr\/#\/schema\/logo\/image\/"},"sameAs":["https:\/\/x.com\/fuzehr","https:\/\/www.linkedin.com\/company\/fuzehrsolutions"]},{"@type":"Person","@id":"https:\/\/fuzehr.com\/fr\/#\/schema\/person\/a6964a8889f0626bd87cae7134ff198c","name":"Melissa","sameAs":["https:\/\/fuzehr.com"],"url":"https:\/\/fuzehr.com\/fr\/author\/melissa-chu\/"}]}},"_links":{"self":[{"href":"https:\/\/fuzehr.com\/fr\/wp-json\/wp\/v2\/posts\/536228"}],"collection":[{"href":"https:\/\/fuzehr.com\/fr\/wp-json\/wp\/v2\/posts"}],"about":[{"href":"https:\/\/fuzehr.com\/fr\/wp-json\/wp\/v2\/types\/post"}],"author":[{"embeddable":true,"href":"https:\/\/fuzehr.com\/fr\/wp-json\/wp\/v2\/users\/3"}],"replies":[{"embeddable":true,"href":"https:\/\/fuzehr.com\/fr\/wp-json\/wp\/v2\/comments?post=536228"}],"version-history":[{"count":4,"href":"https:\/\/fuzehr.com\/fr\/wp-json\/wp\/v2\/posts\/536228\/revisions"}],"predecessor-version":[{"id":536236,"href":"https:\/\/fuzehr.com\/fr\/wp-json\/wp\/v2\/posts\/536228\/revisions\/536236"}],"wp:featuredmedia":[{"embeddable":true,"href":"https:\/\/fuzehr.com\/fr\/wp-json\/wp\/v2\/media\/536217"}],"wp:attachment":[{"href":"https:\/\/fuzehr.com\/fr\/wp-json\/wp\/v2\/media?parent=536228"}],"wp:term":[{"taxonomy":"category","embeddable":true,"href":"https:\/\/fuzehr.com\/fr\/wp-json\/wp\/v2\/categories?post=536228"},{"taxonomy":"post_tag","embeddable":true,"href":"https:\/\/fuzehr.com\/fr\/wp-json\/wp\/v2\/tags?post=536228"}],"curies":[{"name":"wp","href":"https:\/\/api.w.org\/{rel}","templated":true}]}}